{"id":143374,"date":"2026-04-26T15:41:36","date_gmt":"2026-04-26T18:41:36","guid":{"rendered":"https:\/\/www.delibresparaelmundo.com.ar\/index.php\/2026\/04\/26\/maximo-kirchner-rechazo-el-armado-de-un-frente-electoral-anti-milei-no-me-convence\/"},"modified":"2026-04-26T15:41:36","modified_gmt":"2026-04-26T18:41:36","slug":"maximo-kirchner-rechazo-el-armado-de-un-frente-electoral-anti-milei-no-me-convence","status":"publish","type":"post","link":"https:\/\/www.delibresparaelmundo.com.ar\/index.php\/2026\/04\/26\/maximo-kirchner-rechazo-el-armado-de-un-frente-electoral-anti-milei-no-me-convence\/","title":{"rendered":"M\u00e1ximo Kirchner rechaz\u00f3 el armado de un frente electoral anti-Milei: \u00abNo me convence\u00bb"},"content":{"rendered":"<ul>\n<li>Durante una recorrida por Santa Fe, el diputado de Uni\u00f3n por la Patria habl\u00f3 del armado del peronismo para el 2027.<\/li>\n<li>Volvi\u00f3 a plantear que Cristina Kirchner es la mejor candidata porque \u00abno hay quien le gane una interna\u00bb.<\/li>\n<\/ul>\n<p>Durante una recorrida por Santa Fe, el diputado de Uni\u00f3n por la Patria habl\u00f3 del armado del peronismo para el 2027.Volvi\u00f3 a plantear que Cristina Kirchner es la mejor candidata porque \u00abno hay quien le gane una interna\u00bb.<\/p>","protected":false},"excerpt":{"rendered":"<p>Durante una recorrida por Santa Fe, el diputado de Uni\u00f3n por la Patria habl\u00f3 del armado del peronismo para el 2027. Volvi\u00f3 a plantear que Cristina Kirchner es la mejor candidata porque \u00abno hay quien le gane una interna\u00bb. Durante una recorrida por Santa Fe, el diputado de Uni\u00f3n por la Patria habl\u00f3 del armado [&hellip;]<\/p>\n","protected":false},"author":1,"featured_media":143375,"comment_status":"open","ping_status":"open","sticky":false,"template":"","format":"standard","meta":{"footnotes":""},"categories":[12],"tags":[],"class_list":["post-143374","post","type-post","status-publish","format-standard","has-post-thumbnail","hentry","category-nacionales"],"_links":{"self":[{"href":"https:\/\/www.delibresparaelmundo.com.ar\/index.php\/wp-json\/wp\/v2\/posts\/143374","targetHints":{"allow":["GET"]}}],"collection":[{"href":"https:\/\/www.delibresparaelmundo.com.ar\/index.php\/wp-json\/wp\/v2\/posts"}],"about":[{"href":"https:\/\/www.delibresparaelmundo.com.ar\/index.php\/wp-json\/wp\/v2\/types\/post"}],"author":[{"embeddable":true,"href":"https:\/\/www.delibresparaelmundo.com.ar\/index.php\/wp-json\/wp\/v2\/users\/1"}],"replies":[{"embeddable":true,"href":"https:\/\/www.delibresparaelmundo.com.ar\/index.php\/wp-json\/wp\/v2\/comments?post=143374"}],"version-history":[{"count":0,"href":"https:\/\/www.delibresparaelmundo.com.ar\/index.php\/wp-json\/wp\/v2\/posts\/143374\/revisions"}],"wp:featuredmedia":[{"embeddable":true,"href":"https:\/\/www.delibresparaelmundo.com.ar\/index.php\/wp-json\/wp\/v2\/media\/143375"}],"wp:attachment":[{"href":"https:\/\/www.delibresparaelmundo.com.ar\/index.php\/wp-json\/wp\/v2\/media?parent=143374"}],"wp:term":[{"taxonomy":"category","embeddable":true,"href":"https:\/\/www.delibresparaelmundo.com.ar\/index.php\/wp-json\/wp\/v2\/categories?post=143374"},{"taxonomy":"post_tag","embeddable":true,"href":"https:\/\/www.delibresparaelmundo.com.ar\/index.php\/wp-json\/wp\/v2\/tags?post=143374"}],"curies":[{"name":"wp","href":"https:\/\/api.w.org\/{rel}","templated":true}]}}