{"id":143391,"date":"2026-04-27T03:46:44","date_gmt":"2026-04-27T06:46:44","guid":{"rendered":"https:\/\/www.delibresparaelmundo.com.ar\/index.php\/2026\/04\/27\/designaron-al-reemplazante-del-funcionario-echado-y-nombraron-a-un-nuevo-secretario-de-transporte\/"},"modified":"2026-04-27T03:46:44","modified_gmt":"2026-04-27T06:46:44","slug":"designaron-al-reemplazante-del-funcionario-echado-y-nombraron-a-un-nuevo-secretario-de-transporte","status":"publish","type":"post","link":"https:\/\/www.delibresparaelmundo.com.ar\/index.php\/2026\/04\/27\/designaron-al-reemplazante-del-funcionario-echado-y-nombraron-a-un-nuevo-secretario-de-transporte\/","title":{"rendered":"Designaron al reemplazante del funcionario echado y nombraron a un nuevo secretario de Transporte"},"content":{"rendered":"<ul>\n<li>Fernando Herrmann, actual secretario de Transporte, estar\u00e1 al frente de la Secretar\u00eda de Coordinaci\u00f3n de Infraestructura.<\/li>\n<li>Reemplaza a Carlos Frugoni, a quien se le descubrieron departamentos en Estados Unidos sin declarar.<\/li>\n<\/ul>\n<p>Fernando Herrmann, actual secretario de Transporte, estar\u00e1 al frente de la Secretar\u00eda de Coordinaci\u00f3n de Infraestructura.Reemplaza a Carlos Frugoni, a quien se le descubrieron departamentos en Estados Unidos sin declarar.<\/p>","protected":false},"excerpt":{"rendered":"<p>Fernando Herrmann, actual secretario de Transporte, estar\u00e1 al frente de la Secretar\u00eda de Coordinaci\u00f3n de Infraestructura. Reemplaza a Carlos Frugoni, a quien se le descubrieron departamentos en Estados Unidos sin declarar. Fernando Herrmann, actual secretario de Transporte, estar\u00e1 al frente de la Secretar\u00eda de Coordinaci\u00f3n de Infraestructura.Reemplaza a Carlos Frugoni, a quien se le descubrieron [&hellip;]<\/p>\n","protected":false},"author":1,"featured_media":143392,"comment_status":"open","ping_status":"open","sticky":false,"template":"","format":"standard","meta":{"footnotes":""},"categories":[12],"tags":[],"class_list":["post-143391","post","type-post","status-publish","format-standard","has-post-thumbnail","hentry","category-nacionales"],"_links":{"self":[{"href":"https:\/\/www.delibresparaelmundo.com.ar\/index.php\/wp-json\/wp\/v2\/posts\/143391","targetHints":{"allow":["GET"]}}],"collection":[{"href":"https:\/\/www.delibresparaelmundo.com.ar\/index.php\/wp-json\/wp\/v2\/posts"}],"about":[{"href":"https:\/\/www.delibresparaelmundo.com.ar\/index.php\/wp-json\/wp\/v2\/types\/post"}],"author":[{"embeddable":true,"href":"https:\/\/www.delibresparaelmundo.com.ar\/index.php\/wp-json\/wp\/v2\/users\/1"}],"replies":[{"embeddable":true,"href":"https:\/\/www.delibresparaelmundo.com.ar\/index.php\/wp-json\/wp\/v2\/comments?post=143391"}],"version-history":[{"count":0,"href":"https:\/\/www.delibresparaelmundo.com.ar\/index.php\/wp-json\/wp\/v2\/posts\/143391\/revisions"}],"wp:featuredmedia":[{"embeddable":true,"href":"https:\/\/www.delibresparaelmundo.com.ar\/index.php\/wp-json\/wp\/v2\/media\/143392"}],"wp:attachment":[{"href":"https:\/\/www.delibresparaelmundo.com.ar\/index.php\/wp-json\/wp\/v2\/media?parent=143391"}],"wp:term":[{"taxonomy":"category","embeddable":true,"href":"https:\/\/www.delibresparaelmundo.com.ar\/index.php\/wp-json\/wp\/v2\/categories?post=143391"},{"taxonomy":"post_tag","embeddable":true,"href":"https:\/\/www.delibresparaelmundo.com.ar\/index.php\/wp-json\/wp\/v2\/tags?post=143391"}],"curies":[{"name":"wp","href":"https:\/\/api.w.org\/{rel}","templated":true}]}}