{"id":143417,"date":"2026-04-28T03:41:05","date_gmt":"2026-04-28T06:41:05","guid":{"rendered":"https:\/\/www.delibresparaelmundo.com.ar\/index.php\/2026\/04\/28\/javier-milei-hablo-de-los-salarios-publicos-y-dejo-un-mensaje-soy-el-unico-que-no-se-modifico-el-sueldo-desde-que-asumi\/"},"modified":"2026-04-28T03:41:05","modified_gmt":"2026-04-28T06:41:05","slug":"javier-milei-hablo-de-los-salarios-publicos-y-dejo-un-mensaje-soy-el-unico-que-no-se-modifico-el-sueldo-desde-que-asumi","status":"publish","type":"post","link":"https:\/\/www.delibresparaelmundo.com.ar\/index.php\/2026\/04\/28\/javier-milei-hablo-de-los-salarios-publicos-y-dejo-un-mensaje-soy-el-unico-que-no-se-modifico-el-sueldo-desde-que-asumi\/","title":{"rendered":"Javier Milei habl\u00f3 de los salarios p\u00fablicos y dej\u00f3 un mensaje: \u00abSoy el \u00fanico que no se modific\u00f3 el sueldo desde que asum\u00ed\u00bb"},"content":{"rendered":"<ul>\n<li>El Presidente pregunt\u00f3 qui\u00e9n fue \u00abal que peor le fue en esta econom\u00eda en t\u00e9rminos reales\u00bb y se golpe\u00f3 el pecho como respuesta. Dijo tambi\u00e9n que es mandatario que menos gana en la regi\u00f3n.<\/li>\n<li>Milei cobra en bruto $4.066.018 desde que asumi\u00f3.<\/li>\n<\/ul>\n<p>El Presidente pregunt\u00f3 qui\u00e9n fue \u00abal que peor le fue en esta econom\u00eda en t\u00e9rminos reales\u00bb y se golpe\u00f3 el pecho como respuesta. Dijo tambi\u00e9n que es mandatario que menos gana en la regi\u00f3n.Milei cobra en bruto $4.066.018 desde que asumi\u00f3.<\/p>","protected":false},"excerpt":{"rendered":"<p>El Presidente pregunt\u00f3 qui\u00e9n fue \u00abal que peor le fue en esta econom\u00eda en t\u00e9rminos reales\u00bb y se golpe\u00f3 el pecho como respuesta. Dijo tambi\u00e9n que es mandatario que menos gana en la regi\u00f3n. Milei cobra en bruto $4.066.018 desde que asumi\u00f3. El Presidente pregunt\u00f3 qui\u00e9n fue \u00abal que peor le fue en esta econom\u00eda [&hellip;]<\/p>\n","protected":false},"author":1,"featured_media":143418,"comment_status":"open","ping_status":"open","sticky":false,"template":"","format":"standard","meta":{"footnotes":""},"categories":[12],"tags":[],"class_list":["post-143417","post","type-post","status-publish","format-standard","has-post-thumbnail","hentry","category-nacionales"],"_links":{"self":[{"href":"https:\/\/www.delibresparaelmundo.com.ar\/index.php\/wp-json\/wp\/v2\/posts\/143417","targetHints":{"allow":["GET"]}}],"collection":[{"href":"https:\/\/www.delibresparaelmundo.com.ar\/index.php\/wp-json\/wp\/v2\/posts"}],"about":[{"href":"https:\/\/www.delibresparaelmundo.com.ar\/index.php\/wp-json\/wp\/v2\/types\/post"}],"author":[{"embeddable":true,"href":"https:\/\/www.delibresparaelmundo.com.ar\/index.php\/wp-json\/wp\/v2\/users\/1"}],"replies":[{"embeddable":true,"href":"https:\/\/www.delibresparaelmundo.com.ar\/index.php\/wp-json\/wp\/v2\/comments?post=143417"}],"version-history":[{"count":0,"href":"https:\/\/www.delibresparaelmundo.com.ar\/index.php\/wp-json\/wp\/v2\/posts\/143417\/revisions"}],"wp:featuredmedia":[{"embeddable":true,"href":"https:\/\/www.delibresparaelmundo.com.ar\/index.php\/wp-json\/wp\/v2\/media\/143418"}],"wp:attachment":[{"href":"https:\/\/www.delibresparaelmundo.com.ar\/index.php\/wp-json\/wp\/v2\/media?parent=143417"}],"wp:term":[{"taxonomy":"category","embeddable":true,"href":"https:\/\/www.delibresparaelmundo.com.ar\/index.php\/wp-json\/wp\/v2\/categories?post=143417"},{"taxonomy":"post_tag","embeddable":true,"href":"https:\/\/www.delibresparaelmundo.com.ar\/index.php\/wp-json\/wp\/v2\/tags?post=143417"}],"curies":[{"name":"wp","href":"https:\/\/api.w.org\/{rel}","templated":true}]}}