{"id":143421,"date":"2026-04-28T03:41:07","date_gmt":"2026-04-28T06:41:07","guid":{"rendered":"https:\/\/www.delibresparaelmundo.com.ar\/index.php\/2026\/04\/28\/cordoba-murio-el-joven-que-fue-detenido-y-horas-despues-cayo-en-coma-y-hubo-incidentes-en-el-hospital\/"},"modified":"2026-04-28T03:41:07","modified_gmt":"2026-04-28T06:41:07","slug":"cordoba-murio-el-joven-que-fue-detenido-y-horas-despues-cayo-en-coma-y-hubo-incidentes-en-el-hospital","status":"publish","type":"post","link":"https:\/\/www.delibresparaelmundo.com.ar\/index.php\/2026\/04\/28\/cordoba-murio-el-joven-que-fue-detenido-y-horas-despues-cayo-en-coma-y-hubo-incidentes-en-el-hospital\/","title":{"rendered":"C\u00f3rdoba: muri\u00f3 el joven que fue detenido y horas despu\u00e9s cay\u00f3 en coma y hubo incidentes en el hospital"},"content":{"rendered":"<ul>\n<li>Tom\u00e1s Orihuela, de 19 a\u00f1os, estaba internado desde el s\u00e1bado en terapia intensiva. <\/li>\n<li>La familia denunci\u00f3 que fue brutalmente golpeado en la comisar\u00eda. <\/li>\n<li>Desde la fuerza sostuvieron que el chico intent\u00f3 quitarse la vida dentro de la celda.<\/li>\n<\/ul>\n<p>Tom\u00e1s Orihuela, de 19 a\u00f1os, estaba internado desde el s\u00e1bado en terapia intensiva. La familia denunci\u00f3 que fue brutalmente golpeado en la comisar\u00eda. Desde la fuerza sostuvieron que el chico intent\u00f3 quitarse la vida dentro de la celda.<\/p>","protected":false},"excerpt":{"rendered":"<p>Tom\u00e1s Orihuela, de 19 a\u00f1os, estaba internado desde el s\u00e1bado en terapia intensiva. La familia denunci\u00f3 que fue brutalmente golpeado en la comisar\u00eda. Desde la fuerza sostuvieron que el chico intent\u00f3 quitarse la vida dentro de la celda. Tom\u00e1s Orihuela, de 19 a\u00f1os, estaba internado desde el s\u00e1bado en terapia intensiva. La familia denunci\u00f3 que [&hellip;]<\/p>\n","protected":false},"author":1,"featured_media":143422,"comment_status":"open","ping_status":"open","sticky":false,"template":"","format":"standard","meta":{"footnotes":""},"categories":[12],"tags":[],"class_list":["post-143421","post","type-post","status-publish","format-standard","has-post-thumbnail","hentry","category-nacionales"],"_links":{"self":[{"href":"https:\/\/www.delibresparaelmundo.com.ar\/index.php\/wp-json\/wp\/v2\/posts\/143421","targetHints":{"allow":["GET"]}}],"collection":[{"href":"https:\/\/www.delibresparaelmundo.com.ar\/index.php\/wp-json\/wp\/v2\/posts"}],"about":[{"href":"https:\/\/www.delibresparaelmundo.com.ar\/index.php\/wp-json\/wp\/v2\/types\/post"}],"author":[{"embeddable":true,"href":"https:\/\/www.delibresparaelmundo.com.ar\/index.php\/wp-json\/wp\/v2\/users\/1"}],"replies":[{"embeddable":true,"href":"https:\/\/www.delibresparaelmundo.com.ar\/index.php\/wp-json\/wp\/v2\/comments?post=143421"}],"version-history":[{"count":0,"href":"https:\/\/www.delibresparaelmundo.com.ar\/index.php\/wp-json\/wp\/v2\/posts\/143421\/revisions"}],"wp:featuredmedia":[{"embeddable":true,"href":"https:\/\/www.delibresparaelmundo.com.ar\/index.php\/wp-json\/wp\/v2\/media\/143422"}],"wp:attachment":[{"href":"https:\/\/www.delibresparaelmundo.com.ar\/index.php\/wp-json\/wp\/v2\/media?parent=143421"}],"wp:term":[{"taxonomy":"category","embeddable":true,"href":"https:\/\/www.delibresparaelmundo.com.ar\/index.php\/wp-json\/wp\/v2\/categories?post=143421"},{"taxonomy":"post_tag","embeddable":true,"href":"https:\/\/www.delibresparaelmundo.com.ar\/index.php\/wp-json\/wp\/v2\/tags?post=143421"}],"curies":[{"name":"wp","href":"https:\/\/api.w.org\/{rel}","templated":true}]}}