{"id":143436,"date":"2026-04-29T03:42:50","date_gmt":"2026-04-29T06:42:50","guid":{"rendered":"https:\/\/www.delibresparaelmundo.com.ar\/index.php\/2026\/04\/29\/por-que-me-dicen-vendepatria-el-ceo-de-cocos-fue-abucheado-y-debio-interrumpir-una-charla-ante-jovenes\/"},"modified":"2026-04-29T03:42:50","modified_gmt":"2026-04-29T06:42:50","slug":"por-que-me-dicen-vendepatria-el-ceo-de-cocos-fue-abucheado-y-debio-interrumpir-una-charla-ante-jovenes","status":"publish","type":"post","link":"https:\/\/www.delibresparaelmundo.com.ar\/index.php\/2026\/04\/29\/por-que-me-dicen-vendepatria-el-ceo-de-cocos-fue-abucheado-y-debio-interrumpir-una-charla-ante-jovenes\/","title":{"rendered":"\u00ab\u00bfPor qu\u00e9 me dicen vendepatria?\u00bb: el CEO de Cocos fue abucheado y debi\u00f3 interrumpir una charla ante j\u00f3venes"},"content":{"rendered":"<ul>\n<li>Ariel Sbdar abandon\u00f3 el escenario antes de tiempo luego de que un grupo de j\u00f3venes comenzaron a cantarle \u00abLa Patria no se vende\u201d.<\/li>\n<li>Sucedi\u00f3 durante el Experiencia Endeavor Sub20, un evento dirigido a estudiantes del \u00faltima a\u00f1o de la secundaria.<\/li>\n<\/ul>\n<p>Ariel Sbdar abandon\u00f3 el escenario antes de tiempo luego de que un grupo de j\u00f3venes comenzaron a cantarle \u00abLa Patria no se vende\u201d.Sucedi\u00f3 durante el Experiencia Endeavor Sub20, un evento dirigido a estudiantes del \u00faltima a\u00f1o de la secundaria.<\/p>","protected":false},"excerpt":{"rendered":"<p>Ariel Sbdar abandon\u00f3 el escenario antes de tiempo luego de que un grupo de j\u00f3venes comenzaron a cantarle \u00abLa Patria no se vende\u201d. Sucedi\u00f3 durante el Experiencia Endeavor Sub20, un evento dirigido a estudiantes del \u00faltima a\u00f1o de la secundaria. Ariel Sbdar abandon\u00f3 el escenario antes de tiempo luego de que un grupo de j\u00f3venes [&hellip;]<\/p>\n","protected":false},"author":1,"featured_media":0,"comment_status":"open","ping_status":"open","sticky":false,"template":"","format":"standard","meta":{"footnotes":""},"categories":[621],"tags":[],"class_list":["post-143436","post","type-post","status-publish","format-standard","has-post-thumbnail","hentry","category-economia"],"_links":{"self":[{"href":"https:\/\/www.delibresparaelmundo.com.ar\/index.php\/wp-json\/wp\/v2\/posts\/143436","targetHints":{"allow":["GET"]}}],"collection":[{"href":"https:\/\/www.delibresparaelmundo.com.ar\/index.php\/wp-json\/wp\/v2\/posts"}],"about":[{"href":"https:\/\/www.delibresparaelmundo.com.ar\/index.php\/wp-json\/wp\/v2\/types\/post"}],"author":[{"embeddable":true,"href":"https:\/\/www.delibresparaelmundo.com.ar\/index.php\/wp-json\/wp\/v2\/users\/1"}],"replies":[{"embeddable":true,"href":"https:\/\/www.delibresparaelmundo.com.ar\/index.php\/wp-json\/wp\/v2\/comments?post=143436"}],"version-history":[{"count":0,"href":"https:\/\/www.delibresparaelmundo.com.ar\/index.php\/wp-json\/wp\/v2\/posts\/143436\/revisions"}],"wp:attachment":[{"href":"https:\/\/www.delibresparaelmundo.com.ar\/index.php\/wp-json\/wp\/v2\/media?parent=143436"}],"wp:term":[{"taxonomy":"category","embeddable":true,"href":"https:\/\/www.delibresparaelmundo.com.ar\/index.php\/wp-json\/wp\/v2\/categories?post=143436"},{"taxonomy":"post_tag","embeddable":true,"href":"https:\/\/www.delibresparaelmundo.com.ar\/index.php\/wp-json\/wp\/v2\/tags?post=143436"}],"curies":[{"name":"wp","href":"https:\/\/api.w.org\/{rel}","templated":true}]}}