{"id":143445,"date":"2026-04-29T03:42:51","date_gmt":"2026-04-29T06:42:51","guid":{"rendered":"https:\/\/www.delibresparaelmundo.com.ar\/index.php\/2026\/04\/29\/el-gobierno-oficializo-al-nuevo-presidente-de-la-unidad-de-informacion-financiera-uif-quien-es-matias-alvarez\/"},"modified":"2026-04-29T03:42:51","modified_gmt":"2026-04-29T06:42:51","slug":"el-gobierno-oficializo-al-nuevo-presidente-de-la-unidad-de-informacion-financiera-uif-quien-es-matias-alvarez","status":"publish","type":"post","link":"https:\/\/www.delibresparaelmundo.com.ar\/index.php\/2026\/04\/29\/el-gobierno-oficializo-al-nuevo-presidente-de-la-unidad-de-informacion-financiera-uif-quien-es-matias-alvarez\/","title":{"rendered":"El gobierno oficializ\u00f3 al nuevo presidente de la Unidad de Informaci\u00f3n Financiera (UIF): qui\u00e9n es Mat\u00edas \u00c1lvarez"},"content":{"rendered":"<ul>\n<li>La designaci\u00f3n qued\u00f3 formalizada a trav\u00e9s del Decreto 291\/2026, publicado en el Bolet\u00edn Oficial. <\/li>\n<li>En una norma complementaria, el Ejecutivo acept\u00f3 la renuncia del vicepresidente del organismo.<\/li>\n<\/ul>\n<p>La designaci\u00f3n qued\u00f3 formalizada a trav\u00e9s del Decreto 291\/2026, publicado en el Bolet\u00edn Oficial. En una norma complementaria, el Ejecutivo acept\u00f3 la renuncia del vicepresidente del organismo.<\/p>","protected":false},"excerpt":{"rendered":"<p>La designaci\u00f3n qued\u00f3 formalizada a trav\u00e9s del Decreto 291\/2026, publicado en el Bolet\u00edn Oficial. En una norma complementaria, el Ejecutivo acept\u00f3 la renuncia del vicepresidente del organismo. La designaci\u00f3n qued\u00f3 formalizada a trav\u00e9s del Decreto 291\/2026, publicado en el Bolet\u00edn Oficial. En una norma complementaria, el Ejecutivo acept\u00f3 la renuncia del vicepresidente del organismo.<\/p>\n","protected":false},"author":1,"featured_media":143446,"comment_status":"open","ping_status":"open","sticky":false,"template":"","format":"standard","meta":{"footnotes":""},"categories":[12],"tags":[],"class_list":["post-143445","post","type-post","status-publish","format-standard","has-post-thumbnail","hentry","category-nacionales"],"_links":{"self":[{"href":"https:\/\/www.delibresparaelmundo.com.ar\/index.php\/wp-json\/wp\/v2\/posts\/143445","targetHints":{"allow":["GET"]}}],"collection":[{"href":"https:\/\/www.delibresparaelmundo.com.ar\/index.php\/wp-json\/wp\/v2\/posts"}],"about":[{"href":"https:\/\/www.delibresparaelmundo.com.ar\/index.php\/wp-json\/wp\/v2\/types\/post"}],"author":[{"embeddable":true,"href":"https:\/\/www.delibresparaelmundo.com.ar\/index.php\/wp-json\/wp\/v2\/users\/1"}],"replies":[{"embeddable":true,"href":"https:\/\/www.delibresparaelmundo.com.ar\/index.php\/wp-json\/wp\/v2\/comments?post=143445"}],"version-history":[{"count":0,"href":"https:\/\/www.delibresparaelmundo.com.ar\/index.php\/wp-json\/wp\/v2\/posts\/143445\/revisions"}],"wp:featuredmedia":[{"embeddable":true,"href":"https:\/\/www.delibresparaelmundo.com.ar\/index.php\/wp-json\/wp\/v2\/media\/143446"}],"wp:attachment":[{"href":"https:\/\/www.delibresparaelmundo.com.ar\/index.php\/wp-json\/wp\/v2\/media?parent=143445"}],"wp:term":[{"taxonomy":"category","embeddable":true,"href":"https:\/\/www.delibresparaelmundo.com.ar\/index.php\/wp-json\/wp\/v2\/categories?post=143445"},{"taxonomy":"post_tag","embeddable":true,"href":"https:\/\/www.delibresparaelmundo.com.ar\/index.php\/wp-json\/wp\/v2\/tags?post=143445"}],"curies":[{"name":"wp","href":"https:\/\/api.w.org\/{rel}","templated":true}]}}