{"id":143455,"date":"2026-04-29T15:41:28","date_gmt":"2026-04-29T18:41:28","guid":{"rendered":"https:\/\/www.delibresparaelmundo.com.ar\/index.php\/2026\/04\/29\/en-medio-de-la-mora-record-de-los-creditos-una-provincia-lanza-un-plan-para-desendeudar-a-empleados-publicos-y-privados\/"},"modified":"2026-04-29T15:41:28","modified_gmt":"2026-04-29T18:41:28","slug":"en-medio-de-la-mora-record-de-los-creditos-una-provincia-lanza-un-plan-para-desendeudar-a-empleados-publicos-y-privados","status":"publish","type":"post","link":"https:\/\/www.delibresparaelmundo.com.ar\/index.php\/2026\/04\/29\/en-medio-de-la-mora-record-de-los-creditos-una-provincia-lanza-un-plan-para-desendeudar-a-empleados-publicos-y-privados\/","title":{"rendered":"En medio de la mora r\u00e9cord de los cr\u00e9ditos, una provincia lanza un plan para desendeudar a empleados p\u00fablicos y privados"},"content":{"rendered":"<ul>\n<li>Ofrecer\u00e1 refinanciaci\u00f3n a tasas m\u00e1s bajas y un tope a las deducciones  autom\u00e1ticas del salario para el cobro de cuotas.<\/li>\n<li>La demora en el pago de los pr\u00e9stamos est\u00e1 en su nivel m\u00e1s alto en 20 a\u00f1os, seg\u00fan el BCRA.<\/li>\n<\/ul>\n<p>Ofrecer\u00e1 refinanciaci\u00f3n a tasas m\u00e1s bajas y un tope a las deducciones  autom\u00e1ticas del salario para el cobro de cuotas.La demora en el pago de los pr\u00e9stamos est\u00e1 en su nivel m\u00e1s alto en 20 a\u00f1os, seg\u00fan el BCRA.<\/p>","protected":false},"excerpt":{"rendered":"<p>Ofrecer\u00e1 refinanciaci\u00f3n a tasas m\u00e1s bajas y un tope a las deducciones autom\u00e1ticas del salario para el cobro de cuotas. La demora en el pago de los pr\u00e9stamos est\u00e1 en su nivel m\u00e1s alto en 20 a\u00f1os, seg\u00fan el BCRA. Ofrecer\u00e1 refinanciaci\u00f3n a tasas m\u00e1s bajas y un tope a las deducciones autom\u00e1ticas del salario [&hellip;]<\/p>\n","protected":false},"author":1,"featured_media":0,"comment_status":"open","ping_status":"open","sticky":false,"template":"","format":"standard","meta":{"footnotes":""},"categories":[621],"tags":[],"class_list":["post-143455","post","type-post","status-publish","format-standard","has-post-thumbnail","hentry","category-economia"],"_links":{"self":[{"href":"https:\/\/www.delibresparaelmundo.com.ar\/index.php\/wp-json\/wp\/v2\/posts\/143455","targetHints":{"allow":["GET"]}}],"collection":[{"href":"https:\/\/www.delibresparaelmundo.com.ar\/index.php\/wp-json\/wp\/v2\/posts"}],"about":[{"href":"https:\/\/www.delibresparaelmundo.com.ar\/index.php\/wp-json\/wp\/v2\/types\/post"}],"author":[{"embeddable":true,"href":"https:\/\/www.delibresparaelmundo.com.ar\/index.php\/wp-json\/wp\/v2\/users\/1"}],"replies":[{"embeddable":true,"href":"https:\/\/www.delibresparaelmundo.com.ar\/index.php\/wp-json\/wp\/v2\/comments?post=143455"}],"version-history":[{"count":0,"href":"https:\/\/www.delibresparaelmundo.com.ar\/index.php\/wp-json\/wp\/v2\/posts\/143455\/revisions"}],"wp:attachment":[{"href":"https:\/\/www.delibresparaelmundo.com.ar\/index.php\/wp-json\/wp\/v2\/media?parent=143455"}],"wp:term":[{"taxonomy":"category","embeddable":true,"href":"https:\/\/www.delibresparaelmundo.com.ar\/index.php\/wp-json\/wp\/v2\/categories?post=143455"},{"taxonomy":"post_tag","embeddable":true,"href":"https:\/\/www.delibresparaelmundo.com.ar\/index.php\/wp-json\/wp\/v2\/tags?post=143455"}],"curies":[{"name":"wp","href":"https:\/\/api.w.org\/{rel}","templated":true}]}}