{"id":143457,"date":"2026-04-29T15:41:29","date_gmt":"2026-04-29T18:41:29","guid":{"rendered":"https:\/\/www.delibresparaelmundo.com.ar\/index.php\/2026\/04\/29\/paraguay-suena-con-el-mundial-de-la-mano-de-alfaro-y-celebra-un-premio-de-fifa-por-su-revolucion-en-juveniles-gracias-a-otro-argentino\/"},"modified":"2026-04-29T15:41:29","modified_gmt":"2026-04-29T18:41:29","slug":"paraguay-suena-con-el-mundial-de-la-mano-de-alfaro-y-celebra-un-premio-de-fifa-por-su-revolucion-en-juveniles-gracias-a-otro-argentino","status":"publish","type":"post","link":"https:\/\/www.delibresparaelmundo.com.ar\/index.php\/2026\/04\/29\/paraguay-suena-con-el-mundial-de-la-mano-de-alfaro-y-celebra-un-premio-de-fifa-por-su-revolucion-en-juveniles-gracias-a-otro-argentino\/","title":{"rendered":"Paraguay sue\u00f1a con el Mundial de la mano de Alfaro y celebra un premio de FIFA por su revoluci\u00f3n en juveniles gracias a otro argentino"},"content":{"rendered":"<ul>\n<li>La Asociaci\u00f3n Paraguaya de F\u00fatbol recibi\u00f3 el Oro en los FIFA Awards 2026 &#8211; Edici\u00f3n Am\u00e9ricas por el desarrollo del CARDIF.<\/li>\n<li>El centro de alto rendimiento es coordinado por el argentino Javier Valdecantos y ya impacta en miles de chicos por d\u00eda.<\/li>\n<li>Adem\u00e1s de la infraestructura, el proyecto logr\u00f3 escolarizaci\u00f3n total y nuevas exigencias nutricionales para los clubes.<\/li>\n<\/ul>\n<p>La Asociaci\u00f3n Paraguaya de F\u00fatbol recibi\u00f3 el Oro en los FIFA Awards 2026 &#8211; Edici\u00f3n Am\u00e9ricas por el desarrollo del CARDIF.El centro de alto rendimiento es coordinado por el argentino Javier Valdecantos y ya impacta en miles de chicos por d\u00eda.Adem\u00e1s de la infraestructura, el proyecto logr\u00f3 escolarizaci\u00f3n total y nuevas exigencias nutricionales para los clubes.<img decoding=\"async\" src=\"https:\/\/www.clarin.com\/img\/2026\/04\/29\/0k9o6sxbD_1200x630__1.jpg\" title=\"Paraguay sue\u00f1a con el Mundial de la mano de Alfaro y celebra un premio de FIFA por su revoluci\u00f3n en juveniles gracias a otro argentino\" \/><a href=\"https:\/\/www.clarin.com\/deportes\/paraguay-suena-mundial-mano-alfaro-celebra-premio-fifa-revolucion-juveniles-gracias-argentino_0_ArKlEcj4aB.html\" target=\"_blank\" class=\"feedzy-rss-link-icon\">Leer m\u00e1s<\/a><\/p>","protected":false},"excerpt":{"rendered":"<p>La Asociaci\u00f3n Paraguaya de F\u00fatbol recibi\u00f3 el Oro en los FIFA Awards 2026 &#8211; Edici\u00f3n Am\u00e9ricas por el desarrollo del CARDIF. El centro de alto rendimiento es coordinado por el argentino Javier Valdecantos y ya impacta en miles de chicos por d\u00eda. Adem\u00e1s de la infraestructura, el proyecto logr\u00f3 escolarizaci\u00f3n total y nuevas exigencias nutricionales [&hellip;]<\/p>\n","protected":false},"author":1,"featured_media":0,"comment_status":"open","ping_status":"open","sticky":false,"template":"","format":"standard","meta":{"footnotes":""},"categories":[5],"tags":[],"class_list":["post-143457","post","type-post","status-publish","format-standard","has-post-thumbnail","hentry","category-deportes"],"_links":{"self":[{"href":"https:\/\/www.delibresparaelmundo.com.ar\/index.php\/wp-json\/wp\/v2\/posts\/143457","targetHints":{"allow":["GET"]}}],"collection":[{"href":"https:\/\/www.delibresparaelmundo.com.ar\/index.php\/wp-json\/wp\/v2\/posts"}],"about":[{"href":"https:\/\/www.delibresparaelmundo.com.ar\/index.php\/wp-json\/wp\/v2\/types\/post"}],"author":[{"embeddable":true,"href":"https:\/\/www.delibresparaelmundo.com.ar\/index.php\/wp-json\/wp\/v2\/users\/1"}],"replies":[{"embeddable":true,"href":"https:\/\/www.delibresparaelmundo.com.ar\/index.php\/wp-json\/wp\/v2\/comments?post=143457"}],"version-history":[{"count":0,"href":"https:\/\/www.delibresparaelmundo.com.ar\/index.php\/wp-json\/wp\/v2\/posts\/143457\/revisions"}],"wp:attachment":[{"href":"https:\/\/www.delibresparaelmundo.com.ar\/index.php\/wp-json\/wp\/v2\/media?parent=143457"}],"wp:term":[{"taxonomy":"category","embeddable":true,"href":"https:\/\/www.delibresparaelmundo.com.ar\/index.php\/wp-json\/wp\/v2\/categories?post=143457"},{"taxonomy":"post_tag","embeddable":true,"href":"https:\/\/www.delibresparaelmundo.com.ar\/index.php\/wp-json\/wp\/v2\/tags?post=143457"}],"curies":[{"name":"wp","href":"https:\/\/api.w.org\/{rel}","templated":true}]}}