{"id":143464,"date":"2026-04-29T15:41:30","date_gmt":"2026-04-29T18:41:30","guid":{"rendered":"https:\/\/www.delibresparaelmundo.com.ar\/index.php\/2026\/04\/29\/matias-morla-va-a-juicio-por-la-cesion-de-los-derechos-de-la-marca-de-diego-maradona-que-delito-le-imputan\/"},"modified":"2026-04-29T15:41:30","modified_gmt":"2026-04-29T18:41:30","slug":"matias-morla-va-a-juicio-por-la-cesion-de-los-derechos-de-la-marca-de-diego-maradona-que-delito-le-imputan","status":"publish","type":"post","link":"https:\/\/www.delibresparaelmundo.com.ar\/index.php\/2026\/04\/29\/matias-morla-va-a-juicio-por-la-cesion-de-los-derechos-de-la-marca-de-diego-maradona-que-delito-le-imputan\/","title":{"rendered":"Mat\u00edas Morla va a juicio por la cesi\u00f3n de los derechos de la marca de Diego Maradona: que delito le imputan"},"content":{"rendered":"<ul>\n<li>La decisi\u00f3n de la Justicia tambi\u00e9n recay\u00f3 sobre Rita y Claudia Maradona, dos de las hermanas del \u00abDiez\u00bb, quienes recibieron las marcas involucradas en la maniobra.<\/li>\n<li>En total, el ex astro futbol\u00edstico ten\u00eda m\u00e1s de 105 registros en el pa\u00eds y 120 en el exterior.<\/li>\n<\/ul>\n<p>La decisi\u00f3n de la Justicia tambi\u00e9n recay\u00f3 sobre Rita y Claudia Maradona, dos de las hermanas del \u00abDiez\u00bb, quienes recibieron las marcas involucradas en la maniobra.En total, el ex astro futbol\u00edstico ten\u00eda m\u00e1s de 105 registros en el pa\u00eds y 120 en el exterior.<\/p>","protected":false},"excerpt":{"rendered":"<p>La decisi\u00f3n de la Justicia tambi\u00e9n recay\u00f3 sobre Rita y Claudia Maradona, dos de las hermanas del \u00abDiez\u00bb, quienes recibieron las marcas involucradas en la maniobra. En total, el ex astro futbol\u00edstico ten\u00eda m\u00e1s de 105 registros en el pa\u00eds y 120 en el exterior. La decisi\u00f3n de la Justicia tambi\u00e9n recay\u00f3 sobre Rita y [&hellip;]<\/p>\n","protected":false},"author":1,"featured_media":143465,"comment_status":"open","ping_status":"open","sticky":false,"template":"","format":"standard","meta":{"footnotes":""},"categories":[12],"tags":[],"class_list":["post-143464","post","type-post","status-publish","format-standard","has-post-thumbnail","hentry","category-nacionales"],"_links":{"self":[{"href":"https:\/\/www.delibresparaelmundo.com.ar\/index.php\/wp-json\/wp\/v2\/posts\/143464","targetHints":{"allow":["GET"]}}],"collection":[{"href":"https:\/\/www.delibresparaelmundo.com.ar\/index.php\/wp-json\/wp\/v2\/posts"}],"about":[{"href":"https:\/\/www.delibresparaelmundo.com.ar\/index.php\/wp-json\/wp\/v2\/types\/post"}],"author":[{"embeddable":true,"href":"https:\/\/www.delibresparaelmundo.com.ar\/index.php\/wp-json\/wp\/v2\/users\/1"}],"replies":[{"embeddable":true,"href":"https:\/\/www.delibresparaelmundo.com.ar\/index.php\/wp-json\/wp\/v2\/comments?post=143464"}],"version-history":[{"count":0,"href":"https:\/\/www.delibresparaelmundo.com.ar\/index.php\/wp-json\/wp\/v2\/posts\/143464\/revisions"}],"wp:featuredmedia":[{"embeddable":true,"href":"https:\/\/www.delibresparaelmundo.com.ar\/index.php\/wp-json\/wp\/v2\/media\/143465"}],"wp:attachment":[{"href":"https:\/\/www.delibresparaelmundo.com.ar\/index.php\/wp-json\/wp\/v2\/media?parent=143464"}],"wp:term":[{"taxonomy":"category","embeddable":true,"href":"https:\/\/www.delibresparaelmundo.com.ar\/index.php\/wp-json\/wp\/v2\/categories?post=143464"},{"taxonomy":"post_tag","embeddable":true,"href":"https:\/\/www.delibresparaelmundo.com.ar\/index.php\/wp-json\/wp\/v2\/tags?post=143464"}],"curies":[{"name":"wp","href":"https:\/\/api.w.org\/{rel}","templated":true}]}}