{"id":143467,"date":"2026-04-29T15:41:30","date_gmt":"2026-04-29T18:41:30","guid":{"rendered":"https:\/\/www.delibresparaelmundo.com.ar\/index.php\/2026\/04\/29\/la-casa-de-los-espiritus-volvio-en-formato-de-serie-por-que-vale-la-pena-revisitar-la-historia-escrita-por-isabel-allende\/"},"modified":"2026-04-29T15:41:30","modified_gmt":"2026-04-29T18:41:30","slug":"la-casa-de-los-espiritus-volvio-en-formato-de-serie-por-que-vale-la-pena-revisitar-la-historia-escrita-por-isabel-allende","status":"publish","type":"post","link":"https:\/\/www.delibresparaelmundo.com.ar\/index.php\/2026\/04\/29\/la-casa-de-los-espiritus-volvio-en-formato-de-serie-por-que-vale-la-pena-revisitar-la-historia-escrita-por-isabel-allende\/","title":{"rendered":"\u00abLa casa de los esp\u00edritus\u00bb volvi\u00f3 en formato de serie: por qu\u00e9 vale la pena revisitar la historia escrita por Isabel Allende"},"content":{"rendered":"<ul>\n<li>Este mi\u00e9rcoles, Prime Video estren\u00f3 los tres primeros cap\u00edtulos de la nueva adaptaci\u00f3n audiovisual del cl\u00e1sico de la autora chilena.<\/li>\n<li>Con m\u00e1s tiempo para desarrollar personajes y conflictos, la producci\u00f3n encuentra matices que el cine no hab\u00eda podido explorar.<\/li>\n<li>Dolores Fonzi s\u00f3lo aparece unos segundos sobre el final del tercer cap\u00edtulo. Luego, s\u00ed, su personaje tendr\u00e1 mucho peso en pantalla.<\/li>\n<\/ul>\n<p><\/p>\n<p><\/p>\n<p>Este mi\u00e9rcoles, Prime Video estren\u00f3 los tres primeros cap\u00edtulos de la nueva adaptaci\u00f3n audiovisual del cl\u00e1sico de la autora chilena.Con m\u00e1s tiempo para desarrollar personajes y conflictos, la producci\u00f3n encuentra matices que el cine no hab\u00eda podido explorar.Dolores Fonzi s\u00f3lo aparece unos segundos sobre el final del tercer cap\u00edtulo. Luego, s\u00ed, su personaje tendr\u00e1 mucho peso en pantalla.<\/p>","protected":false},"excerpt":{"rendered":"<p>Este mi\u00e9rcoles, Prime Video estren\u00f3 los tres primeros cap\u00edtulos de la nueva adaptaci\u00f3n audiovisual del cl\u00e1sico de la autora chilena. Con m\u00e1s tiempo para desarrollar personajes y conflictos, la producci\u00f3n encuentra matices que el cine no hab\u00eda podido explorar. Dolores Fonzi s\u00f3lo aparece unos segundos sobre el final del tercer cap\u00edtulo. Luego, s\u00ed, su personaje [&hellip;]<\/p>\n","protected":false},"author":1,"featured_media":0,"comment_status":"open","ping_status":"open","sticky":false,"template":"","format":"standard","meta":{"footnotes":""},"categories":[4],"tags":[],"class_list":["post-143467","post","type-post","status-publish","format-standard","has-post-thumbnail","hentry","category-espectaculo"],"_links":{"self":[{"href":"https:\/\/www.delibresparaelmundo.com.ar\/index.php\/wp-json\/wp\/v2\/posts\/143467","targetHints":{"allow":["GET"]}}],"collection":[{"href":"https:\/\/www.delibresparaelmundo.com.ar\/index.php\/wp-json\/wp\/v2\/posts"}],"about":[{"href":"https:\/\/www.delibresparaelmundo.com.ar\/index.php\/wp-json\/wp\/v2\/types\/post"}],"author":[{"embeddable":true,"href":"https:\/\/www.delibresparaelmundo.com.ar\/index.php\/wp-json\/wp\/v2\/users\/1"}],"replies":[{"embeddable":true,"href":"https:\/\/www.delibresparaelmundo.com.ar\/index.php\/wp-json\/wp\/v2\/comments?post=143467"}],"version-history":[{"count":0,"href":"https:\/\/www.delibresparaelmundo.com.ar\/index.php\/wp-json\/wp\/v2\/posts\/143467\/revisions"}],"wp:attachment":[{"href":"https:\/\/www.delibresparaelmundo.com.ar\/index.php\/wp-json\/wp\/v2\/media?parent=143467"}],"wp:term":[{"taxonomy":"category","embeddable":true,"href":"https:\/\/www.delibresparaelmundo.com.ar\/index.php\/wp-json\/wp\/v2\/categories?post=143467"},{"taxonomy":"post_tag","embeddable":true,"href":"https:\/\/www.delibresparaelmundo.com.ar\/index.php\/wp-json\/wp\/v2\/tags?post=143467"}],"curies":[{"name":"wp","href":"https:\/\/api.w.org\/{rel}","templated":true}]}}