{"id":143471,"date":"2026-04-30T03:41:26","date_gmt":"2026-04-30T06:41:26","guid":{"rendered":"https:\/\/www.delibresparaelmundo.com.ar\/index.php\/2026\/04\/30\/uruguay-pierde-otra-pieza-clave-para-el-mundial-2026-de-arrascaeta-se-fracturo-la-clavicula-en-estudiantes-vs-flamengo-por-la-libertadores\/"},"modified":"2026-04-30T03:41:26","modified_gmt":"2026-04-30T06:41:26","slug":"uruguay-pierde-otra-pieza-clave-para-el-mundial-2026-de-arrascaeta-se-fracturo-la-clavicula-en-estudiantes-vs-flamengo-por-la-libertadores","status":"publish","type":"post","link":"https:\/\/www.delibresparaelmundo.com.ar\/index.php\/2026\/04\/30\/uruguay-pierde-otra-pieza-clave-para-el-mundial-2026-de-arrascaeta-se-fracturo-la-clavicula-en-estudiantes-vs-flamengo-por-la-libertadores\/","title":{"rendered":"\u00bfUruguay pierde otra pieza clave para el Mundial 2026? De Arrascaeta se fractur\u00f3 la clav\u00edcula en Estudiantes vs Flamengo por la Libertadores"},"content":{"rendered":"<ul>\n<li>El mediocampista, pieza clave para la Selecci\u00f3n que dirige Marcelo Bielsa, se lesion\u00f3 a 47 d\u00edas del Mundial.<\/li>\n<li>Ya hab\u00eda perdido al lateral izquierdo Joaqu\u00edn Piquerez por una rotura de ligamentos en la rodilla.<\/li>\n<li>Mir\u00e1 el video.<\/li>\n<\/ul>\n<p>El mediocampista, pieza clave para la Selecci\u00f3n que dirige Marcelo Bielsa, se lesion\u00f3 a 47 d\u00edas del Mundial.Ya hab\u00eda perdido al lateral izquierdo Joaqu\u00edn Piquerez por una rotura de ligamentos en la rodilla.Mir\u00e1 el video.<img decoding=\"async\" src=\"https:\/\/www.clarin.com\/img\/2026\/04\/30\/xhY17iOhS_1200x630__1.jpg\" title=\"\u00bfUruguay pierde otra pieza clave para el Mundial 2026? De Arrascaeta se fractur\u00f3 la clav\u00edcula en Estudiantes vs Flamengo por la Libertadores\" \/><a href=\"https:\/\/www.clarin.com\/deportes\/uruguay-pierde-pieza-clave-mundial-2026-arrascaeta-fracturo-clavicula-estudiantes-vs-flamengo-libertadores_0_XM0RN2jqcs.html\" target=\"_blank\" class=\"feedzy-rss-link-icon\">Leer m\u00e1s<\/a><\/p>","protected":false},"excerpt":{"rendered":"<p>El mediocampista, pieza clave para la Selecci\u00f3n que dirige Marcelo Bielsa, se lesion\u00f3 a 47 d\u00edas del Mundial. Ya hab\u00eda perdido al lateral izquierdo Joaqu\u00edn Piquerez por una rotura de ligamentos en la rodilla. Mir\u00e1 el video. El mediocampista, pieza clave para la Selecci\u00f3n que dirige Marcelo Bielsa, se lesion\u00f3 a 47 d\u00edas del Mundial.Ya [&hellip;]<\/p>\n","protected":false},"author":1,"featured_media":0,"comment_status":"open","ping_status":"open","sticky":false,"template":"","format":"standard","meta":{"footnotes":""},"categories":[5],"tags":[],"class_list":["post-143471","post","type-post","status-publish","format-standard","has-post-thumbnail","hentry","category-deportes"],"_links":{"self":[{"href":"https:\/\/www.delibresparaelmundo.com.ar\/index.php\/wp-json\/wp\/v2\/posts\/143471","targetHints":{"allow":["GET"]}}],"collection":[{"href":"https:\/\/www.delibresparaelmundo.com.ar\/index.php\/wp-json\/wp\/v2\/posts"}],"about":[{"href":"https:\/\/www.delibresparaelmundo.com.ar\/index.php\/wp-json\/wp\/v2\/types\/post"}],"author":[{"embeddable":true,"href":"https:\/\/www.delibresparaelmundo.com.ar\/index.php\/wp-json\/wp\/v2\/users\/1"}],"replies":[{"embeddable":true,"href":"https:\/\/www.delibresparaelmundo.com.ar\/index.php\/wp-json\/wp\/v2\/comments?post=143471"}],"version-history":[{"count":0,"href":"https:\/\/www.delibresparaelmundo.com.ar\/index.php\/wp-json\/wp\/v2\/posts\/143471\/revisions"}],"wp:attachment":[{"href":"https:\/\/www.delibresparaelmundo.com.ar\/index.php\/wp-json\/wp\/v2\/media?parent=143471"}],"wp:term":[{"taxonomy":"category","embeddable":true,"href":"https:\/\/www.delibresparaelmundo.com.ar\/index.php\/wp-json\/wp\/v2\/categories?post=143471"},{"taxonomy":"post_tag","embeddable":true,"href":"https:\/\/www.delibresparaelmundo.com.ar\/index.php\/wp-json\/wp\/v2\/tags?post=143471"}],"curies":[{"name":"wp","href":"https:\/\/api.w.org\/{rel}","templated":true}]}}