{"id":143473,"date":"2026-04-30T03:41:27","date_gmt":"2026-04-30T06:41:27","guid":{"rendered":"https:\/\/www.delibresparaelmundo.com.ar\/index.php\/2026\/04\/30\/derrota-para-lula-da-silva-el-senado-de-brasil-rechazo-a-su-candidato-para-la-corte-suprema\/"},"modified":"2026-04-30T03:41:27","modified_gmt":"2026-04-30T06:41:27","slug":"derrota-para-lula-da-silva-el-senado-de-brasil-rechazo-a-su-candidato-para-la-corte-suprema","status":"publish","type":"post","link":"https:\/\/www.delibresparaelmundo.com.ar\/index.php\/2026\/04\/30\/derrota-para-lula-da-silva-el-senado-de-brasil-rechazo-a-su-candidato-para-la-corte-suprema\/","title":{"rendered":"Derrota para Lula da Silva: el Senado de Brasil rechaz\u00f3 a su candidato para la Corte Suprema"},"content":{"rendered":"<ul>\n<li>La C\u00e1mara Alta registr\u00f3 42 votos en contra del candidato oficialista, Jorge Messias, y 34 a favor.<\/li>\n<li>Es el primer nominado al tribunal supremo rechazado por el Senado en m\u00e1s de 100 a\u00f1os. Ahora, el presidente debe postular a otro aspirante.<\/li>\n<\/ul>\n<p>La C\u00e1mara Alta registr\u00f3 42 votos en contra del candidato oficialista, Jorge Messias, y 34 a favor.Es el primer nominado al tribunal supremo rechazado por el Senado en m\u00e1s de 100 a\u00f1os. Ahora, el presidente debe postular a otro aspirante.<\/p>","protected":false},"excerpt":{"rendered":"<p>La C\u00e1mara Alta registr\u00f3 42 votos en contra del candidato oficialista, Jorge Messias, y 34 a favor. Es el primer nominado al tribunal supremo rechazado por el Senado en m\u00e1s de 100 a\u00f1os. Ahora, el presidente debe postular a otro aspirante. La C\u00e1mara Alta registr\u00f3 42 votos en contra del candidato oficialista, Jorge Messias, y [&hellip;]<\/p>\n","protected":false},"author":1,"featured_media":0,"comment_status":"open","ping_status":"open","sticky":false,"template":"","format":"standard","meta":{"footnotes":""},"categories":[623],"tags":[],"class_list":["post-143473","post","type-post","status-publish","format-standard","has-post-thumbnail","hentry","category-internacionales"],"_links":{"self":[{"href":"https:\/\/www.delibresparaelmundo.com.ar\/index.php\/wp-json\/wp\/v2\/posts\/143473","targetHints":{"allow":["GET"]}}],"collection":[{"href":"https:\/\/www.delibresparaelmundo.com.ar\/index.php\/wp-json\/wp\/v2\/posts"}],"about":[{"href":"https:\/\/www.delibresparaelmundo.com.ar\/index.php\/wp-json\/wp\/v2\/types\/post"}],"author":[{"embeddable":true,"href":"https:\/\/www.delibresparaelmundo.com.ar\/index.php\/wp-json\/wp\/v2\/users\/1"}],"replies":[{"embeddable":true,"href":"https:\/\/www.delibresparaelmundo.com.ar\/index.php\/wp-json\/wp\/v2\/comments?post=143473"}],"version-history":[{"count":0,"href":"https:\/\/www.delibresparaelmundo.com.ar\/index.php\/wp-json\/wp\/v2\/posts\/143473\/revisions"}],"wp:attachment":[{"href":"https:\/\/www.delibresparaelmundo.com.ar\/index.php\/wp-json\/wp\/v2\/media?parent=143473"}],"wp:term":[{"taxonomy":"category","embeddable":true,"href":"https:\/\/www.delibresparaelmundo.com.ar\/index.php\/wp-json\/wp\/v2\/categories?post=143473"},{"taxonomy":"post_tag","embeddable":true,"href":"https:\/\/www.delibresparaelmundo.com.ar\/index.php\/wp-json\/wp\/v2\/tags?post=143473"}],"curies":[{"name":"wp","href":"https:\/\/api.w.org\/{rel}","templated":true}]}}