{"id":143475,"date":"2026-04-30T03:41:27","date_gmt":"2026-04-30T06:41:27","guid":{"rendered":"https:\/\/www.delibresparaelmundo.com.ar\/index.php\/2026\/04\/30\/adorni-y-los-milei-en-diputados-una-sesion-mas-normal-que-lo-esperado-y-senales-de-polarizacion-extrema-que-no-aflojan\/"},"modified":"2026-04-30T03:41:27","modified_gmt":"2026-04-30T06:41:27","slug":"adorni-y-los-milei-en-diputados-una-sesion-mas-normal-que-lo-esperado-y-senales-de-polarizacion-extrema-que-no-aflojan","status":"publish","type":"post","link":"https:\/\/www.delibresparaelmundo.com.ar\/index.php\/2026\/04\/30\/adorni-y-los-milei-en-diputados-una-sesion-mas-normal-que-lo-esperado-y-senales-de-polarizacion-extrema-que-no-aflojan\/","title":{"rendered":"Adorni y los Milei en Diputados: una sesi\u00f3n m\u00e1s \u00abnormal\u00bb que lo esperado, y se\u00f1ales de polarizaci\u00f3n extrema que no aflojan"},"content":{"rendered":"<ul>\n<li>La asistencia del Presidente y sus ministros en bloque no deja de llamar la atenci\u00f3n.<\/li>\n<li>La oposici\u00f3n se moder\u00f3 para que no se frustrara la sesi\u00f3n.<\/li>\n<\/ul>\n<p>La asistencia del Presidente y sus ministros en bloque no deja de llamar la atenci\u00f3n.La oposici\u00f3n se moder\u00f3 para que no se frustrara la sesi\u00f3n.<\/p>","protected":false},"excerpt":{"rendered":"<p>La asistencia del Presidente y sus ministros en bloque no deja de llamar la atenci\u00f3n. La oposici\u00f3n se moder\u00f3 para que no se frustrara la sesi\u00f3n. La asistencia del Presidente y sus ministros en bloque no deja de llamar la atenci\u00f3n.La oposici\u00f3n se moder\u00f3 para que no se frustrara la sesi\u00f3n.<\/p>\n","protected":false},"author":1,"featured_media":143476,"comment_status":"open","ping_status":"open","sticky":false,"template":"","format":"standard","meta":{"footnotes":""},"categories":[12],"tags":[],"class_list":["post-143475","post","type-post","status-publish","format-standard","has-post-thumbnail","hentry","category-nacionales"],"_links":{"self":[{"href":"https:\/\/www.delibresparaelmundo.com.ar\/index.php\/wp-json\/wp\/v2\/posts\/143475","targetHints":{"allow":["GET"]}}],"collection":[{"href":"https:\/\/www.delibresparaelmundo.com.ar\/index.php\/wp-json\/wp\/v2\/posts"}],"about":[{"href":"https:\/\/www.delibresparaelmundo.com.ar\/index.php\/wp-json\/wp\/v2\/types\/post"}],"author":[{"embeddable":true,"href":"https:\/\/www.delibresparaelmundo.com.ar\/index.php\/wp-json\/wp\/v2\/users\/1"}],"replies":[{"embeddable":true,"href":"https:\/\/www.delibresparaelmundo.com.ar\/index.php\/wp-json\/wp\/v2\/comments?post=143475"}],"version-history":[{"count":0,"href":"https:\/\/www.delibresparaelmundo.com.ar\/index.php\/wp-json\/wp\/v2\/posts\/143475\/revisions"}],"wp:featuredmedia":[{"embeddable":true,"href":"https:\/\/www.delibresparaelmundo.com.ar\/index.php\/wp-json\/wp\/v2\/media\/143476"}],"wp:attachment":[{"href":"https:\/\/www.delibresparaelmundo.com.ar\/index.php\/wp-json\/wp\/v2\/media?parent=143475"}],"wp:term":[{"taxonomy":"category","embeddable":true,"href":"https:\/\/www.delibresparaelmundo.com.ar\/index.php\/wp-json\/wp\/v2\/categories?post=143475"},{"taxonomy":"post_tag","embeddable":true,"href":"https:\/\/www.delibresparaelmundo.com.ar\/index.php\/wp-json\/wp\/v2\/tags?post=143475"}],"curies":[{"name":"wp","href":"https:\/\/api.w.org\/{rel}","templated":true}]}}