{"id":143485,"date":"2026-04-30T15:41:27","date_gmt":"2026-04-30T18:41:27","guid":{"rendered":"https:\/\/www.delibresparaelmundo.com.ar\/index.php\/2026\/04\/30\/le-hicimos-precio-a-adorni-fue-un-desastre-las-duras-criticas-del-lider-del-bloque-k-en-diputados-al-informe-de-gestion-del-jefe-de-gabinete\/"},"modified":"2026-04-30T15:41:27","modified_gmt":"2026-04-30T18:41:27","slug":"le-hicimos-precio-a-adorni-fue-un-desastre-las-duras-criticas-del-lider-del-bloque-k-en-diputados-al-informe-de-gestion-del-jefe-de-gabinete","status":"publish","type":"post","link":"https:\/\/www.delibresparaelmundo.com.ar\/index.php\/2026\/04\/30\/le-hicimos-precio-a-adorni-fue-un-desastre-las-duras-criticas-del-lider-del-bloque-k-en-diputados-al-informe-de-gestion-del-jefe-de-gabinete\/","title":{"rendered":"\u00abLe hicimos precio a Adorni, fue un desastre\u00bb: las duras cr\u00edticas del l\u00edder del bloque K en Diputados al informe de gesti\u00f3n del jefe de Gabinete"},"content":{"rendered":"<ul>\n<li>Germ\u00e1n Mart\u00ednez cuestion\u00f3 la exposici\u00f3n del ministro coordinador, y sostuvo que nunca vio \u00abun jefe de Gabinete tan pobre\u00bb.<\/li>\n<\/ul>\n<p>Germ\u00e1n Mart\u00ednez cuestion\u00f3 la exposici\u00f3n del ministro coordinador, y sostuvo que nunca vio \u00abun jefe de Gabinete tan pobre\u00bb.<\/p>","protected":false},"excerpt":{"rendered":"<p>Germ\u00e1n Mart\u00ednez cuestion\u00f3 la exposici\u00f3n del ministro coordinador, y sostuvo que nunca vio \u00abun jefe de Gabinete tan pobre\u00bb. Germ\u00e1n Mart\u00ednez cuestion\u00f3 la exposici\u00f3n del ministro coordinador, y sostuvo que nunca vio \u00abun jefe de Gabinete tan pobre\u00bb.<\/p>\n","protected":false},"author":1,"featured_media":143486,"comment_status":"open","ping_status":"open","sticky":false,"template":"","format":"standard","meta":{"footnotes":""},"categories":[12],"tags":[],"class_list":["post-143485","post","type-post","status-publish","format-standard","has-post-thumbnail","hentry","category-nacionales"],"_links":{"self":[{"href":"https:\/\/www.delibresparaelmundo.com.ar\/index.php\/wp-json\/wp\/v2\/posts\/143485","targetHints":{"allow":["GET"]}}],"collection":[{"href":"https:\/\/www.delibresparaelmundo.com.ar\/index.php\/wp-json\/wp\/v2\/posts"}],"about":[{"href":"https:\/\/www.delibresparaelmundo.com.ar\/index.php\/wp-json\/wp\/v2\/types\/post"}],"author":[{"embeddable":true,"href":"https:\/\/www.delibresparaelmundo.com.ar\/index.php\/wp-json\/wp\/v2\/users\/1"}],"replies":[{"embeddable":true,"href":"https:\/\/www.delibresparaelmundo.com.ar\/index.php\/wp-json\/wp\/v2\/comments?post=143485"}],"version-history":[{"count":0,"href":"https:\/\/www.delibresparaelmundo.com.ar\/index.php\/wp-json\/wp\/v2\/posts\/143485\/revisions"}],"wp:featuredmedia":[{"embeddable":true,"href":"https:\/\/www.delibresparaelmundo.com.ar\/index.php\/wp-json\/wp\/v2\/media\/143486"}],"wp:attachment":[{"href":"https:\/\/www.delibresparaelmundo.com.ar\/index.php\/wp-json\/wp\/v2\/media?parent=143485"}],"wp:term":[{"taxonomy":"category","embeddable":true,"href":"https:\/\/www.delibresparaelmundo.com.ar\/index.php\/wp-json\/wp\/v2\/categories?post=143485"},{"taxonomy":"post_tag","embeddable":true,"href":"https:\/\/www.delibresparaelmundo.com.ar\/index.php\/wp-json\/wp\/v2\/tags?post=143485"}],"curies":[{"name":"wp","href":"https:\/\/api.w.org\/{rel}","templated":true}]}}