{"id":143489,"date":"2026-04-30T15:41:29","date_gmt":"2026-04-30T18:41:29","guid":{"rendered":"https:\/\/www.delibresparaelmundo.com.ar\/index.php\/2026\/04\/30\/brian-sarmiento-salio-de-gran-hermano-enamorado-de-danelik-la-chica-trans-de-la-casa-la-extrano-y-quiero-estar-ahi-con-ella\/"},"modified":"2026-04-30T15:41:29","modified_gmt":"2026-04-30T18:41:29","slug":"brian-sarmiento-salio-de-gran-hermano-enamorado-de-danelik-la-chica-trans-de-la-casa-la-extrano-y-quiero-estar-ahi-con-ella","status":"publish","type":"post","link":"https:\/\/www.delibresparaelmundo.com.ar\/index.php\/2026\/04\/30\/brian-sarmiento-salio-de-gran-hermano-enamorado-de-danelik-la-chica-trans-de-la-casa-la-extrano-y-quiero-estar-ahi-con-ella\/","title":{"rendered":"Brian Sarmiento sali\u00f3 de Gran Hermano enamorado de Danelik, la chica trans de la casa: \u00abLa extra\u00f1o y quiero estar ah\u00ed con ella\u00bb"},"content":{"rendered":"<ul>\n<li>El ex futbolista y ex participante hizo un balance de su paso por el reality y, en charla con<strong> Clar\u00edn<\/strong>, reconoci\u00f3 errores en su estrategia de juego.<\/li>\n<li>Adem\u00e1s, habl\u00f3 de sus enfrentamientos m\u00e1s intensos y de su fogoso romance con la tucumana.<\/li>\n<\/ul>\n<p>El ex futbolista y ex participante hizo un balance de su paso por el reality y, en charla con Clar\u00edn, reconoci\u00f3 errores en su estrategia de juego.Adem\u00e1s, habl\u00f3 de sus enfrentamientos m\u00e1s intensos y de su fogoso romance con la tucumana.<\/p>","protected":false},"excerpt":{"rendered":"<p>El ex futbolista y ex participante hizo un balance de su paso por el reality y, en charla con Clar\u00edn, reconoci\u00f3 errores en su estrategia de juego. Adem\u00e1s, habl\u00f3 de sus enfrentamientos m\u00e1s intensos y de su fogoso romance con la tucumana. El ex futbolista y ex participante hizo un balance de su paso por [&hellip;]<\/p>\n","protected":false},"author":1,"featured_media":0,"comment_status":"open","ping_status":"open","sticky":false,"template":"","format":"standard","meta":{"footnotes":""},"categories":[4],"tags":[],"class_list":["post-143489","post","type-post","status-publish","format-standard","has-post-thumbnail","hentry","category-espectaculo"],"_links":{"self":[{"href":"https:\/\/www.delibresparaelmundo.com.ar\/index.php\/wp-json\/wp\/v2\/posts\/143489","targetHints":{"allow":["GET"]}}],"collection":[{"href":"https:\/\/www.delibresparaelmundo.com.ar\/index.php\/wp-json\/wp\/v2\/posts"}],"about":[{"href":"https:\/\/www.delibresparaelmundo.com.ar\/index.php\/wp-json\/wp\/v2\/types\/post"}],"author":[{"embeddable":true,"href":"https:\/\/www.delibresparaelmundo.com.ar\/index.php\/wp-json\/wp\/v2\/users\/1"}],"replies":[{"embeddable":true,"href":"https:\/\/www.delibresparaelmundo.com.ar\/index.php\/wp-json\/wp\/v2\/comments?post=143489"}],"version-history":[{"count":0,"href":"https:\/\/www.delibresparaelmundo.com.ar\/index.php\/wp-json\/wp\/v2\/posts\/143489\/revisions"}],"wp:attachment":[{"href":"https:\/\/www.delibresparaelmundo.com.ar\/index.php\/wp-json\/wp\/v2\/media?parent=143489"}],"wp:term":[{"taxonomy":"category","embeddable":true,"href":"https:\/\/www.delibresparaelmundo.com.ar\/index.php\/wp-json\/wp\/v2\/categories?post=143489"},{"taxonomy":"post_tag","embeddable":true,"href":"https:\/\/www.delibresparaelmundo.com.ar\/index.php\/wp-json\/wp\/v2\/tags?post=143489"}],"curies":[{"name":"wp","href":"https:\/\/api.w.org\/{rel}","templated":true}]}}