{"id":143490,"date":"2026-05-01T03:41:16","date_gmt":"2026-05-01T06:41:16","guid":{"rendered":"https:\/\/www.delibresparaelmundo.com.ar\/index.php\/2026\/05\/01\/empleadas-domesticas-como-quedan-los-salarios-de-abril-mayo-junio-y-julio-de-2026-tras-el-aumento\/"},"modified":"2026-05-01T03:41:16","modified_gmt":"2026-05-01T06:41:16","slug":"empleadas-domesticas-como-quedan-los-salarios-de-abril-mayo-junio-y-julio-de-2026-tras-el-aumento","status":"publish","type":"post","link":"https:\/\/www.delibresparaelmundo.com.ar\/index.php\/2026\/05\/01\/empleadas-domesticas-como-quedan-los-salarios-de-abril-mayo-junio-y-julio-de-2026-tras-el-aumento\/","title":{"rendered":"Empleadas dom\u00e9sticas: c\u00f3mo quedan los salarios de abril, mayo, junio y julio de 2026 tras el aumento"},"content":{"rendered":"<ul>\n<li>El Gobierno confirm\u00f3 aumentos escalonados para el personal de casas particulares. <\/li>\n<li>C\u00f3mo quedan los salarios por categor\u00eda entre abril y julio de 2026 y qu\u00e9 pasa con la suma no remunerativa.<\/li>\n<\/ul>\n<p>El Gobierno confirm\u00f3 aumentos escalonados para el personal de casas particulares. C\u00f3mo quedan los salarios por categor\u00eda entre abril y julio de 2026 y qu\u00e9 pasa con la suma no remunerativa.<\/p>","protected":false},"excerpt":{"rendered":"<p>El Gobierno confirm\u00f3 aumentos escalonados para el personal de casas particulares. C\u00f3mo quedan los salarios por categor\u00eda entre abril y julio de 2026 y qu\u00e9 pasa con la suma no remunerativa. El Gobierno confirm\u00f3 aumentos escalonados para el personal de casas particulares. C\u00f3mo quedan los salarios por categor\u00eda entre abril y julio de 2026 y [&hellip;]<\/p>\n","protected":false},"author":1,"featured_media":0,"comment_status":"open","ping_status":"open","sticky":false,"template":"","format":"standard","meta":{"footnotes":""},"categories":[621],"tags":[],"class_list":["post-143490","post","type-post","status-publish","format-standard","has-post-thumbnail","hentry","category-economia"],"_links":{"self":[{"href":"https:\/\/www.delibresparaelmundo.com.ar\/index.php\/wp-json\/wp\/v2\/posts\/143490","targetHints":{"allow":["GET"]}}],"collection":[{"href":"https:\/\/www.delibresparaelmundo.com.ar\/index.php\/wp-json\/wp\/v2\/posts"}],"about":[{"href":"https:\/\/www.delibresparaelmundo.com.ar\/index.php\/wp-json\/wp\/v2\/types\/post"}],"author":[{"embeddable":true,"href":"https:\/\/www.delibresparaelmundo.com.ar\/index.php\/wp-json\/wp\/v2\/users\/1"}],"replies":[{"embeddable":true,"href":"https:\/\/www.delibresparaelmundo.com.ar\/index.php\/wp-json\/wp\/v2\/comments?post=143490"}],"version-history":[{"count":0,"href":"https:\/\/www.delibresparaelmundo.com.ar\/index.php\/wp-json\/wp\/v2\/posts\/143490\/revisions"}],"wp:attachment":[{"href":"https:\/\/www.delibresparaelmundo.com.ar\/index.php\/wp-json\/wp\/v2\/media?parent=143490"}],"wp:term":[{"taxonomy":"category","embeddable":true,"href":"https:\/\/www.delibresparaelmundo.com.ar\/index.php\/wp-json\/wp\/v2\/categories?post=143490"},{"taxonomy":"post_tag","embeddable":true,"href":"https:\/\/www.delibresparaelmundo.com.ar\/index.php\/wp-json\/wp\/v2\/tags?post=143490"}],"curies":[{"name":"wp","href":"https:\/\/api.w.org\/{rel}","templated":true}]}}