{"id":143496,"date":"2026-05-01T03:41:17","date_gmt":"2026-05-01T06:41:17","guid":{"rendered":"https:\/\/www.delibresparaelmundo.com.ar\/index.php\/2026\/05\/01\/luis-caputo-se-reunio-con-maxima-zorreguieta-de-visita-a-en-la-argentina-para-participar-del-foro-llao-llao\/"},"modified":"2026-05-01T03:41:17","modified_gmt":"2026-05-01T06:41:17","slug":"luis-caputo-se-reunio-con-maxima-zorreguieta-de-visita-a-en-la-argentina-para-participar-del-foro-llao-llao","status":"publish","type":"post","link":"https:\/\/www.delibresparaelmundo.com.ar\/index.php\/2026\/05\/01\/luis-caputo-se-reunio-con-maxima-zorreguieta-de-visita-a-en-la-argentina-para-participar-del-foro-llao-llao\/","title":{"rendered":"Luis Caputo se reuni\u00f3 con M\u00e1xima Zorreguieta, de visita a en la Argentina para participar del Foro Llao Llao"},"content":{"rendered":"<ul>\n<li>El ministro de Econom\u00eda mantuvo una charla con la reina de los Pa\u00edses Bajos en Bariloche.<\/li>\n<li>Seg\u00fan inform\u00f3 en sus redes sociales, dialogaron sobre \u00abeconom\u00eda e inclusi\u00f3n financiera\u00bb.<\/li>\n<\/ul>\n<p><\/p>\n<p>El ministro de Econom\u00eda mantuvo una charla con la reina de los Pa\u00edses Bajos en Bariloche.Seg\u00fan inform\u00f3 en sus redes sociales, dialogaron sobre \u00abeconom\u00eda e inclusi\u00f3n financiera\u00bb.<\/p>","protected":false},"excerpt":{"rendered":"<p>El ministro de Econom\u00eda mantuvo una charla con la reina de los Pa\u00edses Bajos en Bariloche. Seg\u00fan inform\u00f3 en sus redes sociales, dialogaron sobre \u00abeconom\u00eda e inclusi\u00f3n financiera\u00bb. El ministro de Econom\u00eda mantuvo una charla con la reina de los Pa\u00edses Bajos en Bariloche.Seg\u00fan inform\u00f3 en sus redes sociales, dialogaron sobre \u00abeconom\u00eda e inclusi\u00f3n financiera\u00bb.<\/p>\n","protected":false},"author":1,"featured_media":143497,"comment_status":"open","ping_status":"open","sticky":false,"template":"","format":"standard","meta":{"footnotes":""},"categories":[12],"tags":[],"class_list":["post-143496","post","type-post","status-publish","format-standard","has-post-thumbnail","hentry","category-nacionales"],"_links":{"self":[{"href":"https:\/\/www.delibresparaelmundo.com.ar\/index.php\/wp-json\/wp\/v2\/posts\/143496","targetHints":{"allow":["GET"]}}],"collection":[{"href":"https:\/\/www.delibresparaelmundo.com.ar\/index.php\/wp-json\/wp\/v2\/posts"}],"about":[{"href":"https:\/\/www.delibresparaelmundo.com.ar\/index.php\/wp-json\/wp\/v2\/types\/post"}],"author":[{"embeddable":true,"href":"https:\/\/www.delibresparaelmundo.com.ar\/index.php\/wp-json\/wp\/v2\/users\/1"}],"replies":[{"embeddable":true,"href":"https:\/\/www.delibresparaelmundo.com.ar\/index.php\/wp-json\/wp\/v2\/comments?post=143496"}],"version-history":[{"count":0,"href":"https:\/\/www.delibresparaelmundo.com.ar\/index.php\/wp-json\/wp\/v2\/posts\/143496\/revisions"}],"wp:featuredmedia":[{"embeddable":true,"href":"https:\/\/www.delibresparaelmundo.com.ar\/index.php\/wp-json\/wp\/v2\/media\/143497"}],"wp:attachment":[{"href":"https:\/\/www.delibresparaelmundo.com.ar\/index.php\/wp-json\/wp\/v2\/media?parent=143496"}],"wp:term":[{"taxonomy":"category","embeddable":true,"href":"https:\/\/www.delibresparaelmundo.com.ar\/index.php\/wp-json\/wp\/v2\/categories?post=143496"},{"taxonomy":"post_tag","embeddable":true,"href":"https:\/\/www.delibresparaelmundo.com.ar\/index.php\/wp-json\/wp\/v2\/tags?post=143496"}],"curies":[{"name":"wp","href":"https:\/\/api.w.org\/{rel}","templated":true}]}}