{"id":143504,"date":"2026-05-01T15:42:58","date_gmt":"2026-05-01T18:42:58","guid":{"rendered":"https:\/\/www.delibresparaelmundo.com.ar\/index.php\/2026\/05\/01\/reforma-laboral-el-gobierno-analiza-permitir-que-las-pymes-puedan-compartir-el-mismo-fondo-para-despidos\/"},"modified":"2026-05-01T15:42:58","modified_gmt":"2026-05-01T18:42:58","slug":"reforma-laboral-el-gobierno-analiza-permitir-que-las-pymes-puedan-compartir-el-mismo-fondo-para-despidos","status":"publish","type":"post","link":"https:\/\/www.delibresparaelmundo.com.ar\/index.php\/2026\/05\/01\/reforma-laboral-el-gobierno-analiza-permitir-que-las-pymes-puedan-compartir-el-mismo-fondo-para-despidos\/","title":{"rendered":"Reforma laboral: el Gobierno analiza permitir que las pymes puedan \u00abcompartir\u00bb el mismo fondo para despidos"},"content":{"rendered":"<ul>\n<li>La reglamentaci\u00f3n del Fondo de Asistencia Laboral (FAL) a\u00fan no fue publicada.<\/li>\n<li>Ser\u00e1 obligatorio para cualquier empleador, salvo el sector p\u00fablico y casas particulares.<\/li>\n<li>El 45% de los empleados registrados est\u00e1n en peque\u00f1as y medianas firmas.<\/li>\n<\/ul>\n<p>La reglamentaci\u00f3n del Fondo de Asistencia Laboral (FAL) a\u00fan no fue publicada.Ser\u00e1 obligatorio para cualquier empleador, salvo el sector p\u00fablico y casas particulares.El 45% de los empleados registrados est\u00e1n en peque\u00f1as y medianas firmas.<\/p>","protected":false},"excerpt":{"rendered":"<p>La reglamentaci\u00f3n del Fondo de Asistencia Laboral (FAL) a\u00fan no fue publicada. Ser\u00e1 obligatorio para cualquier empleador, salvo el sector p\u00fablico y casas particulares. El 45% de los empleados registrados est\u00e1n en peque\u00f1as y medianas firmas. La reglamentaci\u00f3n del Fondo de Asistencia Laboral (FAL) a\u00fan no fue publicada.Ser\u00e1 obligatorio para cualquier empleador, salvo el sector [&hellip;]<\/p>\n","protected":false},"author":1,"featured_media":0,"comment_status":"open","ping_status":"open","sticky":false,"template":"","format":"standard","meta":{"footnotes":""},"categories":[621],"tags":[],"class_list":["post-143504","post","type-post","status-publish","format-standard","has-post-thumbnail","hentry","category-economia"],"_links":{"self":[{"href":"https:\/\/www.delibresparaelmundo.com.ar\/index.php\/wp-json\/wp\/v2\/posts\/143504","targetHints":{"allow":["GET"]}}],"collection":[{"href":"https:\/\/www.delibresparaelmundo.com.ar\/index.php\/wp-json\/wp\/v2\/posts"}],"about":[{"href":"https:\/\/www.delibresparaelmundo.com.ar\/index.php\/wp-json\/wp\/v2\/types\/post"}],"author":[{"embeddable":true,"href":"https:\/\/www.delibresparaelmundo.com.ar\/index.php\/wp-json\/wp\/v2\/users\/1"}],"replies":[{"embeddable":true,"href":"https:\/\/www.delibresparaelmundo.com.ar\/index.php\/wp-json\/wp\/v2\/comments?post=143504"}],"version-history":[{"count":0,"href":"https:\/\/www.delibresparaelmundo.com.ar\/index.php\/wp-json\/wp\/v2\/posts\/143504\/revisions"}],"wp:attachment":[{"href":"https:\/\/www.delibresparaelmundo.com.ar\/index.php\/wp-json\/wp\/v2\/media?parent=143504"}],"wp:term":[{"taxonomy":"category","embeddable":true,"href":"https:\/\/www.delibresparaelmundo.com.ar\/index.php\/wp-json\/wp\/v2\/categories?post=143504"},{"taxonomy":"post_tag","embeddable":true,"href":"https:\/\/www.delibresparaelmundo.com.ar\/index.php\/wp-json\/wp\/v2\/tags?post=143504"}],"curies":[{"name":"wp","href":"https:\/\/api.w.org\/{rel}","templated":true}]}}