{"id":143510,"date":"2026-05-01T15:42:58","date_gmt":"2026-05-01T18:42:58","guid":{"rendered":"https:\/\/www.delibresparaelmundo.com.ar\/index.php\/2026\/05\/01\/verano-y-turismo-en-europa-habra-aviones\/"},"modified":"2026-05-01T15:42:58","modified_gmt":"2026-05-01T18:42:58","slug":"verano-y-turismo-en-europa-habra-aviones","status":"publish","type":"post","link":"https:\/\/www.delibresparaelmundo.com.ar\/index.php\/2026\/05\/01\/verano-y-turismo-en-europa-habra-aviones\/","title":{"rendered":"Verano y turismo en Europa: \u00bfhabr\u00e1 aviones?"},"content":{"rendered":"<ul>\n<li>Los gobiernos europeos llevan semanas intentando tranquilizar al sector tur\u00edstico.<\/li>\n<li>Es que se teme que, por la falta de combustibles por la situaci\u00f3n en Oriente Medio, no haya suficiente para volar. Y el pron\u00f3stico no es alentador.<\/li>\n<\/ul>\n<p>Los gobiernos europeos llevan semanas intentando tranquilizar al sector tur\u00edstico.Es que se teme que, por la falta de combustibles por la situaci\u00f3n en Oriente Medio, no haya suficiente para volar. Y el pron\u00f3stico no es alentador.<\/p>","protected":false},"excerpt":{"rendered":"<p>Los gobiernos europeos llevan semanas intentando tranquilizar al sector tur\u00edstico. Es que se teme que, por la falta de combustibles por la situaci\u00f3n en Oriente Medio, no haya suficiente para volar. Y el pron\u00f3stico no es alentador. Los gobiernos europeos llevan semanas intentando tranquilizar al sector tur\u00edstico.Es que se teme que, por la falta de [&hellip;]<\/p>\n","protected":false},"author":1,"featured_media":0,"comment_status":"open","ping_status":"open","sticky":false,"template":"","format":"standard","meta":{"footnotes":""},"categories":[623],"tags":[],"class_list":["post-143510","post","type-post","status-publish","format-standard","has-post-thumbnail","hentry","category-internacionales"],"_links":{"self":[{"href":"https:\/\/www.delibresparaelmundo.com.ar\/index.php\/wp-json\/wp\/v2\/posts\/143510","targetHints":{"allow":["GET"]}}],"collection":[{"href":"https:\/\/www.delibresparaelmundo.com.ar\/index.php\/wp-json\/wp\/v2\/posts"}],"about":[{"href":"https:\/\/www.delibresparaelmundo.com.ar\/index.php\/wp-json\/wp\/v2\/types\/post"}],"author":[{"embeddable":true,"href":"https:\/\/www.delibresparaelmundo.com.ar\/index.php\/wp-json\/wp\/v2\/users\/1"}],"replies":[{"embeddable":true,"href":"https:\/\/www.delibresparaelmundo.com.ar\/index.php\/wp-json\/wp\/v2\/comments?post=143510"}],"version-history":[{"count":0,"href":"https:\/\/www.delibresparaelmundo.com.ar\/index.php\/wp-json\/wp\/v2\/posts\/143510\/revisions"}],"wp:attachment":[{"href":"https:\/\/www.delibresparaelmundo.com.ar\/index.php\/wp-json\/wp\/v2\/media?parent=143510"}],"wp:term":[{"taxonomy":"category","embeddable":true,"href":"https:\/\/www.delibresparaelmundo.com.ar\/index.php\/wp-json\/wp\/v2\/categories?post=143510"},{"taxonomy":"post_tag","embeddable":true,"href":"https:\/\/www.delibresparaelmundo.com.ar\/index.php\/wp-json\/wp\/v2\/tags?post=143510"}],"curies":[{"name":"wp","href":"https:\/\/api.w.org\/{rel}","templated":true}]}}