{"id":143513,"date":"2026-05-01T15:42:58","date_gmt":"2026-05-01T18:42:58","guid":{"rendered":"https:\/\/www.delibresparaelmundo.com.ar\/index.php\/2026\/05\/01\/con-legos-y-el-como-protagonista-el-llamativo-video-que-compartio-javier-milei-por-el-dia-del-trabajador\/"},"modified":"2026-05-01T15:42:58","modified_gmt":"2026-05-01T18:42:58","slug":"con-legos-y-el-como-protagonista-el-llamativo-video-que-compartio-javier-milei-por-el-dia-del-trabajador","status":"publish","type":"post","link":"https:\/\/www.delibresparaelmundo.com.ar\/index.php\/2026\/05\/01\/con-legos-y-el-como-protagonista-el-llamativo-video-que-compartio-javier-milei-por-el-dia-del-trabajador\/","title":{"rendered":"Con Legos y \u00e9l como protagonista, el llamativo video que comparti\u00f3 Javier Milei por el D\u00eda del Trabajador"},"content":{"rendered":"<ul>\n<li>El Presidente difundi\u00f3 una pieza audiovisual hecha con animaci\u00f3n donde se lo representa reconstruyendo el pa\u00eds. <\/li>\n<li>\u201cFeliz d\u00eda al que trabaj\u00f3 para reconstruir este pa\u00eds, un bloque a la vez\u201d, dice el video que fue subido a redes.<\/li>\n<\/ul>\n<p>El Presidente difundi\u00f3 una pieza audiovisual hecha con animaci\u00f3n donde se lo representa reconstruyendo el pa\u00eds. \u201cFeliz d\u00eda al que trabaj\u00f3 para reconstruir este pa\u00eds, un bloque a la vez\u201d, dice el video que fue subido a redes.<\/p>","protected":false},"excerpt":{"rendered":"<p>El Presidente difundi\u00f3 una pieza audiovisual hecha con animaci\u00f3n donde se lo representa reconstruyendo el pa\u00eds. \u201cFeliz d\u00eda al que trabaj\u00f3 para reconstruir este pa\u00eds, un bloque a la vez\u201d, dice el video que fue subido a redes. El Presidente difundi\u00f3 una pieza audiovisual hecha con animaci\u00f3n donde se lo representa reconstruyendo el pa\u00eds. \u201cFeliz [&hellip;]<\/p>\n","protected":false},"author":1,"featured_media":143514,"comment_status":"open","ping_status":"open","sticky":false,"template":"","format":"standard","meta":{"footnotes":""},"categories":[12],"tags":[],"class_list":["post-143513","post","type-post","status-publish","format-standard","has-post-thumbnail","hentry","category-nacionales"],"_links":{"self":[{"href":"https:\/\/www.delibresparaelmundo.com.ar\/index.php\/wp-json\/wp\/v2\/posts\/143513","targetHints":{"allow":["GET"]}}],"collection":[{"href":"https:\/\/www.delibresparaelmundo.com.ar\/index.php\/wp-json\/wp\/v2\/posts"}],"about":[{"href":"https:\/\/www.delibresparaelmundo.com.ar\/index.php\/wp-json\/wp\/v2\/types\/post"}],"author":[{"embeddable":true,"href":"https:\/\/www.delibresparaelmundo.com.ar\/index.php\/wp-json\/wp\/v2\/users\/1"}],"replies":[{"embeddable":true,"href":"https:\/\/www.delibresparaelmundo.com.ar\/index.php\/wp-json\/wp\/v2\/comments?post=143513"}],"version-history":[{"count":0,"href":"https:\/\/www.delibresparaelmundo.com.ar\/index.php\/wp-json\/wp\/v2\/posts\/143513\/revisions"}],"wp:featuredmedia":[{"embeddable":true,"href":"https:\/\/www.delibresparaelmundo.com.ar\/index.php\/wp-json\/wp\/v2\/media\/143514"}],"wp:attachment":[{"href":"https:\/\/www.delibresparaelmundo.com.ar\/index.php\/wp-json\/wp\/v2\/media?parent=143513"}],"wp:term":[{"taxonomy":"category","embeddable":true,"href":"https:\/\/www.delibresparaelmundo.com.ar\/index.php\/wp-json\/wp\/v2\/categories?post=143513"},{"taxonomy":"post_tag","embeddable":true,"href":"https:\/\/www.delibresparaelmundo.com.ar\/index.php\/wp-json\/wp\/v2\/tags?post=143513"}],"curies":[{"name":"wp","href":"https:\/\/api.w.org\/{rel}","templated":true}]}}