{"id":143517,"date":"2026-05-01T15:42:59","date_gmt":"2026-05-01T18:42:59","guid":{"rendered":"https:\/\/www.delibresparaelmundo.com.ar\/index.php\/2026\/05\/01\/violento-robo-a-un-chico-de-12-anos-cuando-iba-a-su-escuela-en-la-plata-el-ladron-lo-tiro-al-piso-le-pego-y-le-robo-hasta-el-buzo\/"},"modified":"2026-05-01T15:42:59","modified_gmt":"2026-05-01T18:42:59","slug":"violento-robo-a-un-chico-de-12-anos-cuando-iba-a-su-escuela-en-la-plata-el-ladron-lo-tiro-al-piso-le-pego-y-le-robo-hasta-el-buzo","status":"publish","type":"post","link":"https:\/\/www.delibresparaelmundo.com.ar\/index.php\/2026\/05\/01\/violento-robo-a-un-chico-de-12-anos-cuando-iba-a-su-escuela-en-la-plata-el-ladron-lo-tiro-al-piso-le-pego-y-le-robo-hasta-el-buzo\/","title":{"rendered":"Violento robo a un chico de 12 a\u00f1os cuando iba a su escuela en La Plata: el ladr\u00f3n lo tir\u00f3 al piso, le peg\u00f3 y le rob\u00f3 hasta el buzo"},"content":{"rendered":"<ul>\n<li>El asalto ocurri\u00f3 en una zona residencial de Tolosa, partido de La Plata.<\/li>\n<li>El menor de edad no opuso resistencia frente al accionar del delincuente, pero qued\u00f3 conmocionado por el hecho.<\/li>\n<\/ul>\n<p>El asalto ocurri\u00f3 en una zona residencial de Tolosa, partido de La Plata.El menor de edad no opuso resistencia frente al accionar del delincuente, pero qued\u00f3 conmocionado por el hecho.<\/p>","protected":false},"excerpt":{"rendered":"<p>El asalto ocurri\u00f3 en una zona residencial de Tolosa, partido de La Plata. El menor de edad no opuso resistencia frente al accionar del delincuente, pero qued\u00f3 conmocionado por el hecho. El asalto ocurri\u00f3 en una zona residencial de Tolosa, partido de La Plata.El menor de edad no opuso resistencia frente al accionar del delincuente, [&hellip;]<\/p>\n","protected":false},"author":1,"featured_media":143518,"comment_status":"open","ping_status":"open","sticky":false,"template":"","format":"standard","meta":{"footnotes":""},"categories":[12],"tags":[],"class_list":["post-143517","post","type-post","status-publish","format-standard","has-post-thumbnail","hentry","category-nacionales"],"_links":{"self":[{"href":"https:\/\/www.delibresparaelmundo.com.ar\/index.php\/wp-json\/wp\/v2\/posts\/143517","targetHints":{"allow":["GET"]}}],"collection":[{"href":"https:\/\/www.delibresparaelmundo.com.ar\/index.php\/wp-json\/wp\/v2\/posts"}],"about":[{"href":"https:\/\/www.delibresparaelmundo.com.ar\/index.php\/wp-json\/wp\/v2\/types\/post"}],"author":[{"embeddable":true,"href":"https:\/\/www.delibresparaelmundo.com.ar\/index.php\/wp-json\/wp\/v2\/users\/1"}],"replies":[{"embeddable":true,"href":"https:\/\/www.delibresparaelmundo.com.ar\/index.php\/wp-json\/wp\/v2\/comments?post=143517"}],"version-history":[{"count":0,"href":"https:\/\/www.delibresparaelmundo.com.ar\/index.php\/wp-json\/wp\/v2\/posts\/143517\/revisions"}],"wp:featuredmedia":[{"embeddable":true,"href":"https:\/\/www.delibresparaelmundo.com.ar\/index.php\/wp-json\/wp\/v2\/media\/143518"}],"wp:attachment":[{"href":"https:\/\/www.delibresparaelmundo.com.ar\/index.php\/wp-json\/wp\/v2\/media?parent=143517"}],"wp:term":[{"taxonomy":"category","embeddable":true,"href":"https:\/\/www.delibresparaelmundo.com.ar\/index.php\/wp-json\/wp\/v2\/categories?post=143517"},{"taxonomy":"post_tag","embeddable":true,"href":"https:\/\/www.delibresparaelmundo.com.ar\/index.php\/wp-json\/wp\/v2\/tags?post=143517"}],"curies":[{"name":"wp","href":"https:\/\/api.w.org\/{rel}","templated":true}]}}