{"id":143529,"date":"2026-05-02T03:42:41","date_gmt":"2026-05-02T06:42:41","guid":{"rendered":"https:\/\/www.delibresparaelmundo.com.ar\/index.php\/2026\/05\/02\/maximo-kirchner-reclamo-la-libertad-de-cristina-y-tensa-la-interna-por-juntar-cuatro-votos-no-hay-que-enganar-voluntades\/"},"modified":"2026-05-02T03:42:41","modified_gmt":"2026-05-02T06:42:41","slug":"maximo-kirchner-reclamo-la-libertad-de-cristina-y-tensa-la-interna-por-juntar-cuatro-votos-no-hay-que-enganar-voluntades","status":"publish","type":"post","link":"https:\/\/www.delibresparaelmundo.com.ar\/index.php\/2026\/05\/02\/maximo-kirchner-reclamo-la-libertad-de-cristina-y-tensa-la-interna-por-juntar-cuatro-votos-no-hay-que-enganar-voluntades\/","title":{"rendered":"M\u00e1ximo Kirchner reclam\u00f3 la libertad de Cristina y tensa la interna: \u00abPor juntar cuatro votos no hay que enga\u00f1ar voluntades\u00bb"},"content":{"rendered":"<ul>\n<li>El diputado nacional pidi\u00f3 desde Ca\u00f1uelas \u00abun equilibrio fiscal inclusivo\u00bb y que el peronismo proponga \u00abpol\u00edticas de desendeudamiento\u00bb. <\/li>\n<li>\u00abLa Argentina va a necesitar que su dirigencia madure porque hoy gobierna la antipol\u00edtica, un hombre formado en paneles de televisi\u00f3n\u00bb, dispar\u00f3 contra Javier Milei. <\/li>\n<\/ul>\n<p>El diputado nacional pidi\u00f3 desde Ca\u00f1uelas \u00abun equilibrio fiscal inclusivo\u00bb y que el peronismo proponga \u00abpol\u00edticas de desendeudamiento\u00bb. \u00abLa Argentina va a necesitar que su dirigencia madure porque hoy gobierna la antipol\u00edtica, un hombre formado en paneles de televisi\u00f3n\u00bb, dispar\u00f3 contra Javier Milei.<\/p>","protected":false},"excerpt":{"rendered":"<p>El diputado nacional pidi\u00f3 desde Ca\u00f1uelas \u00abun equilibrio fiscal inclusivo\u00bb y que el peronismo proponga \u00abpol\u00edticas de desendeudamiento\u00bb. \u00abLa Argentina va a necesitar que su dirigencia madure porque hoy gobierna la antipol\u00edtica, un hombre formado en paneles de televisi\u00f3n\u00bb, dispar\u00f3 contra Javier Milei. El diputado nacional pidi\u00f3 desde Ca\u00f1uelas \u00abun equilibrio fiscal inclusivo\u00bb y que [&hellip;]<\/p>\n","protected":false},"author":1,"featured_media":143530,"comment_status":"open","ping_status":"open","sticky":false,"template":"","format":"standard","meta":{"footnotes":""},"categories":[12],"tags":[],"class_list":["post-143529","post","type-post","status-publish","format-standard","has-post-thumbnail","hentry","category-nacionales"],"_links":{"self":[{"href":"https:\/\/www.delibresparaelmundo.com.ar\/index.php\/wp-json\/wp\/v2\/posts\/143529","targetHints":{"allow":["GET"]}}],"collection":[{"href":"https:\/\/www.delibresparaelmundo.com.ar\/index.php\/wp-json\/wp\/v2\/posts"}],"about":[{"href":"https:\/\/www.delibresparaelmundo.com.ar\/index.php\/wp-json\/wp\/v2\/types\/post"}],"author":[{"embeddable":true,"href":"https:\/\/www.delibresparaelmundo.com.ar\/index.php\/wp-json\/wp\/v2\/users\/1"}],"replies":[{"embeddable":true,"href":"https:\/\/www.delibresparaelmundo.com.ar\/index.php\/wp-json\/wp\/v2\/comments?post=143529"}],"version-history":[{"count":0,"href":"https:\/\/www.delibresparaelmundo.com.ar\/index.php\/wp-json\/wp\/v2\/posts\/143529\/revisions"}],"wp:featuredmedia":[{"embeddable":true,"href":"https:\/\/www.delibresparaelmundo.com.ar\/index.php\/wp-json\/wp\/v2\/media\/143530"}],"wp:attachment":[{"href":"https:\/\/www.delibresparaelmundo.com.ar\/index.php\/wp-json\/wp\/v2\/media?parent=143529"}],"wp:term":[{"taxonomy":"category","embeddable":true,"href":"https:\/\/www.delibresparaelmundo.com.ar\/index.php\/wp-json\/wp\/v2\/categories?post=143529"},{"taxonomy":"post_tag","embeddable":true,"href":"https:\/\/www.delibresparaelmundo.com.ar\/index.php\/wp-json\/wp\/v2\/tags?post=143529"}],"curies":[{"name":"wp","href":"https:\/\/api.w.org\/{rel}","templated":true}]}}