{"id":143532,"date":"2026-05-02T03:42:41","date_gmt":"2026-05-02T06:42:41","guid":{"rendered":"https:\/\/www.delibresparaelmundo.com.ar\/index.php\/2026\/05\/02\/nuevo-juicio-para-el-expolicia-acusado-de-matar-a-una-joven-y-ocultar-su-cuerpo-en-un-placard-ahora-por-un-caso-de-abuso-sexual\/"},"modified":"2026-05-02T03:42:41","modified_gmt":"2026-05-02T06:42:41","slug":"nuevo-juicio-para-el-expolicia-acusado-de-matar-a-una-joven-y-ocultar-su-cuerpo-en-un-placard-ahora-por-un-caso-de-abuso-sexual","status":"publish","type":"post","link":"https:\/\/www.delibresparaelmundo.com.ar\/index.php\/2026\/05\/02\/nuevo-juicio-para-el-expolicia-acusado-de-matar-a-una-joven-y-ocultar-su-cuerpo-en-un-placard-ahora-por-un-caso-de-abuso-sexual\/","title":{"rendered":"Nuevo juicio para el expolic\u00eda acusado de matar a una joven y ocultar su cuerpo en un placard: ahora por un caso de abuso sexual"},"content":{"rendered":"<ul>\n<li>Horacio Grasso, fue condenado por el crimen de un nene de 6 a\u00f1os, Facundo Novillo.<\/li>\n<li>Tambi\u00e9n est\u00e1 imputado por el asesinato de Milagros Basto, la joven cuyo cuerpo fue hallado en el departamento donde cumpl\u00eda con prisi\u00f3n domiciliaria.<\/li>\n<li>La violaci\u00f3n por la que va nuevamente a juicio y la Justicia tard\u00f3 tres a\u00f1os en investigar se habr\u00eda perpetrado cuando cumpl\u00eda con la domiciliaria.<\/li>\n<\/ul>\n<p>Horacio Grasso, fue condenado por el crimen de un nene de 6 a\u00f1os, Facundo Novillo.Tambi\u00e9n est\u00e1 imputado por el asesinato de Milagros Basto, la joven cuyo cuerpo fue hallado en el departamento donde cumpl\u00eda con prisi\u00f3n domiciliaria.La violaci\u00f3n por la que va nuevamente a juicio y la Justicia tard\u00f3 tres a\u00f1os en investigar se habr\u00eda perpetrado cuando cumpl\u00eda con la domiciliaria.<\/p>","protected":false},"excerpt":{"rendered":"<p>Horacio Grasso, fue condenado por el crimen de un nene de 6 a\u00f1os, Facundo Novillo. Tambi\u00e9n est\u00e1 imputado por el asesinato de Milagros Basto, la joven cuyo cuerpo fue hallado en el departamento donde cumpl\u00eda con prisi\u00f3n domiciliaria. La violaci\u00f3n por la que va nuevamente a juicio y la Justicia tard\u00f3 tres a\u00f1os en investigar [&hellip;]<\/p>\n","protected":false},"author":1,"featured_media":143533,"comment_status":"open","ping_status":"open","sticky":false,"template":"","format":"standard","meta":{"footnotes":""},"categories":[12],"tags":[],"class_list":["post-143532","post","type-post","status-publish","format-standard","has-post-thumbnail","hentry","category-nacionales"],"_links":{"self":[{"href":"https:\/\/www.delibresparaelmundo.com.ar\/index.php\/wp-json\/wp\/v2\/posts\/143532","targetHints":{"allow":["GET"]}}],"collection":[{"href":"https:\/\/www.delibresparaelmundo.com.ar\/index.php\/wp-json\/wp\/v2\/posts"}],"about":[{"href":"https:\/\/www.delibresparaelmundo.com.ar\/index.php\/wp-json\/wp\/v2\/types\/post"}],"author":[{"embeddable":true,"href":"https:\/\/www.delibresparaelmundo.com.ar\/index.php\/wp-json\/wp\/v2\/users\/1"}],"replies":[{"embeddable":true,"href":"https:\/\/www.delibresparaelmundo.com.ar\/index.php\/wp-json\/wp\/v2\/comments?post=143532"}],"version-history":[{"count":0,"href":"https:\/\/www.delibresparaelmundo.com.ar\/index.php\/wp-json\/wp\/v2\/posts\/143532\/revisions"}],"wp:featuredmedia":[{"embeddable":true,"href":"https:\/\/www.delibresparaelmundo.com.ar\/index.php\/wp-json\/wp\/v2\/media\/143533"}],"wp:attachment":[{"href":"https:\/\/www.delibresparaelmundo.com.ar\/index.php\/wp-json\/wp\/v2\/media?parent=143532"}],"wp:term":[{"taxonomy":"category","embeddable":true,"href":"https:\/\/www.delibresparaelmundo.com.ar\/index.php\/wp-json\/wp\/v2\/categories?post=143532"},{"taxonomy":"post_tag","embeddable":true,"href":"https:\/\/www.delibresparaelmundo.com.ar\/index.php\/wp-json\/wp\/v2\/tags?post=143532"}],"curies":[{"name":"wp","href":"https:\/\/api.w.org\/{rel}","templated":true}]}}