{"id":143538,"date":"2026-05-02T15:41:47","date_gmt":"2026-05-02T18:41:47","guid":{"rendered":"https:\/\/www.delibresparaelmundo.com.ar\/index.php\/2026\/05\/02\/franco-colapinto-condicionado-por-max-verstappen-en-la-largada-creo-que-sin-ese-toque-podria-haber-sumado\/"},"modified":"2026-05-02T15:41:47","modified_gmt":"2026-05-02T18:41:47","slug":"franco-colapinto-condicionado-por-max-verstappen-en-la-largada-creo-que-sin-ese-toque-podria-haber-sumado","status":"publish","type":"post","link":"https:\/\/www.delibresparaelmundo.com.ar\/index.php\/2026\/05\/02\/franco-colapinto-condicionado-por-max-verstappen-en-la-largada-creo-que-sin-ese-toque-podria-haber-sumado\/","title":{"rendered":"Franco Colapinto, condicionado por Max Verstappen en la largada: \u00abCreo que sin ese toque podr\u00eda haber sumado\u00bb"},"content":{"rendered":"<ul>\n<li>El argentino fue d\u00e9cimo en la Sprint Race que gan\u00f3 Lando Norris y en la que su compa\u00f1ero de equipo sum\u00f3 un punto.<\/li>\n<li>Explic\u00f3 que sobrecalent\u00f3 mucho las gomas traseras \u00abcon ese aler\u00f3n viejo\u00bb, que dejar\u00e1 de usar en Canad\u00e1.<\/li>\n<\/ul>\n<p>El argentino fue d\u00e9cimo en la Sprint Race que gan\u00f3 Lando Norris y en la que su compa\u00f1ero de equipo sum\u00f3 un punto.Explic\u00f3 que sobrecalent\u00f3 mucho las gomas traseras \u00abcon ese aler\u00f3n viejo\u00bb, que dejar\u00e1 de usar en Canad\u00e1.<img decoding=\"async\" src=\"https:\/\/www.clarin.com\/img\/2026\/05\/02\/xqKCchTjc_1200x630__1.jpg\" \/><a href=\"https:\/\/www.clarin.com\/deportes\/franco-colapinto-condicionado-max-verstappen-largada-creo-toque-podria-sumado_0_WnedIGl4uf.html\" target=\"_blank\" class=\"feedzy-rss-link-icon\">Leer m\u00e1s<\/a><\/p>","protected":false},"excerpt":{"rendered":"<p>El argentino fue d\u00e9cimo en la Sprint Race que gan\u00f3 Lando Norris y en la que su compa\u00f1ero de equipo sum\u00f3 un punto. Explic\u00f3 que sobrecalent\u00f3 mucho las gomas traseras \u00abcon ese aler\u00f3n viejo\u00bb, que dejar\u00e1 de usar en Canad\u00e1. El argentino fue d\u00e9cimo en la Sprint Race que gan\u00f3 Lando Norris y en la [&hellip;]<\/p>\n","protected":false},"author":1,"featured_media":0,"comment_status":"open","ping_status":"open","sticky":false,"template":"","format":"standard","meta":{"footnotes":""},"categories":[5],"tags":[],"class_list":["post-143538","post","type-post","status-publish","format-standard","has-post-thumbnail","hentry","category-deportes"],"_links":{"self":[{"href":"https:\/\/www.delibresparaelmundo.com.ar\/index.php\/wp-json\/wp\/v2\/posts\/143538","targetHints":{"allow":["GET"]}}],"collection":[{"href":"https:\/\/www.delibresparaelmundo.com.ar\/index.php\/wp-json\/wp\/v2\/posts"}],"about":[{"href":"https:\/\/www.delibresparaelmundo.com.ar\/index.php\/wp-json\/wp\/v2\/types\/post"}],"author":[{"embeddable":true,"href":"https:\/\/www.delibresparaelmundo.com.ar\/index.php\/wp-json\/wp\/v2\/users\/1"}],"replies":[{"embeddable":true,"href":"https:\/\/www.delibresparaelmundo.com.ar\/index.php\/wp-json\/wp\/v2\/comments?post=143538"}],"version-history":[{"count":0,"href":"https:\/\/www.delibresparaelmundo.com.ar\/index.php\/wp-json\/wp\/v2\/posts\/143538\/revisions"}],"wp:attachment":[{"href":"https:\/\/www.delibresparaelmundo.com.ar\/index.php\/wp-json\/wp\/v2\/media?parent=143538"}],"wp:term":[{"taxonomy":"category","embeddable":true,"href":"https:\/\/www.delibresparaelmundo.com.ar\/index.php\/wp-json\/wp\/v2\/categories?post=143538"},{"taxonomy":"post_tag","embeddable":true,"href":"https:\/\/www.delibresparaelmundo.com.ar\/index.php\/wp-json\/wp\/v2\/tags?post=143538"}],"curies":[{"name":"wp","href":"https:\/\/api.w.org\/{rel}","templated":true}]}}