{"id":143540,"date":"2026-05-02T15:41:47","date_gmt":"2026-05-02T18:41:47","guid":{"rendered":"https:\/\/www.delibresparaelmundo.com.ar\/index.php\/2026\/05\/02\/donald-trump-ahora-amenaza-con-tomar-el-control-de-cuba-casi-de-inmediato-y-la-isla-se-prepara-para-resistir\/"},"modified":"2026-05-02T15:41:47","modified_gmt":"2026-05-02T18:41:47","slug":"donald-trump-ahora-amenaza-con-tomar-el-control-de-cuba-casi-de-inmediato-y-la-isla-se-prepara-para-resistir","status":"publish","type":"post","link":"https:\/\/www.delibresparaelmundo.com.ar\/index.php\/2026\/05\/02\/donald-trump-ahora-amenaza-con-tomar-el-control-de-cuba-casi-de-inmediato-y-la-isla-se-prepara-para-resistir\/","title":{"rendered":"Donald Trump ahora amenaza con tomar \u00abel control\u00bb de Cuba \u00abcasi de inmediato\u00bb y la isla se prepara para resistir"},"content":{"rendered":"<ul>\n<li>El jefe de la Casa Blanca dijo que primero \u00abterminar\u00e1 el trabajo\u00bb en Ir\u00e1n. <\/li>\n<li>El presidente cubano, Miguel D\u00edaz-Canel, llam\u00f3 a la comunidad internacional a \u00abtomar nota\u00bb de la amenaza \u00abpeligrosa y sin precedentes\u00bb.<\/li>\n<\/ul>\n<p>El jefe de la Casa Blanca dijo que primero \u00abterminar\u00e1 el trabajo\u00bb en Ir\u00e1n. El presidente cubano, Miguel D\u00edaz-Canel, llam\u00f3 a la comunidad internacional a \u00abtomar nota\u00bb de la amenaza \u00abpeligrosa y sin precedentes\u00bb.<\/p>","protected":false},"excerpt":{"rendered":"<p>El jefe de la Casa Blanca dijo que primero \u00abterminar\u00e1 el trabajo\u00bb en Ir\u00e1n. El presidente cubano, Miguel D\u00edaz-Canel, llam\u00f3 a la comunidad internacional a \u00abtomar nota\u00bb de la amenaza \u00abpeligrosa y sin precedentes\u00bb. El jefe de la Casa Blanca dijo que primero \u00abterminar\u00e1 el trabajo\u00bb en Ir\u00e1n. El presidente cubano, Miguel D\u00edaz-Canel, llam\u00f3 a [&hellip;]<\/p>\n","protected":false},"author":1,"featured_media":0,"comment_status":"open","ping_status":"open","sticky":false,"template":"","format":"standard","meta":{"footnotes":""},"categories":[623],"tags":[],"class_list":["post-143540","post","type-post","status-publish","format-standard","has-post-thumbnail","hentry","category-internacionales"],"_links":{"self":[{"href":"https:\/\/www.delibresparaelmundo.com.ar\/index.php\/wp-json\/wp\/v2\/posts\/143540","targetHints":{"allow":["GET"]}}],"collection":[{"href":"https:\/\/www.delibresparaelmundo.com.ar\/index.php\/wp-json\/wp\/v2\/posts"}],"about":[{"href":"https:\/\/www.delibresparaelmundo.com.ar\/index.php\/wp-json\/wp\/v2\/types\/post"}],"author":[{"embeddable":true,"href":"https:\/\/www.delibresparaelmundo.com.ar\/index.php\/wp-json\/wp\/v2\/users\/1"}],"replies":[{"embeddable":true,"href":"https:\/\/www.delibresparaelmundo.com.ar\/index.php\/wp-json\/wp\/v2\/comments?post=143540"}],"version-history":[{"count":0,"href":"https:\/\/www.delibresparaelmundo.com.ar\/index.php\/wp-json\/wp\/v2\/posts\/143540\/revisions"}],"wp:attachment":[{"href":"https:\/\/www.delibresparaelmundo.com.ar\/index.php\/wp-json\/wp\/v2\/media?parent=143540"}],"wp:term":[{"taxonomy":"category","embeddable":true,"href":"https:\/\/www.delibresparaelmundo.com.ar\/index.php\/wp-json\/wp\/v2\/categories?post=143540"},{"taxonomy":"post_tag","embeddable":true,"href":"https:\/\/www.delibresparaelmundo.com.ar\/index.php\/wp-json\/wp\/v2\/tags?post=143540"}],"curies":[{"name":"wp","href":"https:\/\/api.w.org\/{rel}","templated":true}]}}