{"id":143542,"date":"2026-05-02T15:41:47","date_gmt":"2026-05-02T18:41:47","guid":{"rendered":"https:\/\/www.delibresparaelmundo.com.ar\/index.php\/2026\/05\/02\/preguntas-inquietantes-y-angustiantes-sobre-el-caos-global-en-la-presentacion-del-nuevo-libro-de-jorge-arguello-efecto-mariposa\/"},"modified":"2026-05-02T15:41:47","modified_gmt":"2026-05-02T18:41:47","slug":"preguntas-inquietantes-y-angustiantes-sobre-el-caos-global-en-la-presentacion-del-nuevo-libro-de-jorge-arguello-efecto-mariposa","status":"publish","type":"post","link":"https:\/\/www.delibresparaelmundo.com.ar\/index.php\/2026\/05\/02\/preguntas-inquietantes-y-angustiantes-sobre-el-caos-global-en-la-presentacion-del-nuevo-libro-de-jorge-arguello-efecto-mariposa\/","title":{"rendered":"Preguntas inquietantes y angustiantes sobre el caos global en la presentaci\u00f3n del nuevo libro de Jorge Arg\u00fcello: \u00abEfecto Mariposa\u00bb"},"content":{"rendered":"<ul>\n<li>Expertos analizan c\u00f3mo el aparente caos global refleja una transici\u00f3n hacia un nuevo equilibrio multipolar, desafiando la percepci\u00f3n de desorden absoluto.<\/li>\n<li>\u00bfHay un orden detr\u00e1s del caos?\u00bb, cotitula el libro del ex embajador ante Estados Unidos y las Naciones Unidas.<\/li>\n<li>Lo acompa\u00f1aron el periodista Carlos Pagni y el analista internacional Juan Gabriel Tokatlian.<\/li>\n<\/ul>\n<p>Expertos analizan c\u00f3mo el aparente caos global refleja una transici\u00f3n hacia un nuevo equilibrio multipolar, desafiando la percepci\u00f3n de desorden absoluto.\u00bfHay un orden detr\u00e1s del caos?\u00bb, cotitula el libro del ex embajador ante Estados Unidos y las Naciones Unidas.Lo acompa\u00f1aron el periodista Carlos Pagni y el analista internacional Juan Gabriel Tokatlian.<\/p>","protected":false},"excerpt":{"rendered":"<p>Expertos analizan c\u00f3mo el aparente caos global refleja una transici\u00f3n hacia un nuevo equilibrio multipolar, desafiando la percepci\u00f3n de desorden absoluto. \u00bfHay un orden detr\u00e1s del caos?\u00bb, cotitula el libro del ex embajador ante Estados Unidos y las Naciones Unidas. Lo acompa\u00f1aron el periodista Carlos Pagni y el analista internacional Juan Gabriel Tokatlian. Expertos analizan [&hellip;]<\/p>\n","protected":false},"author":1,"featured_media":143543,"comment_status":"open","ping_status":"open","sticky":false,"template":"","format":"standard","meta":{"footnotes":""},"categories":[12],"tags":[],"class_list":["post-143542","post","type-post","status-publish","format-standard","has-post-thumbnail","hentry","category-nacionales"],"_links":{"self":[{"href":"https:\/\/www.delibresparaelmundo.com.ar\/index.php\/wp-json\/wp\/v2\/posts\/143542","targetHints":{"allow":["GET"]}}],"collection":[{"href":"https:\/\/www.delibresparaelmundo.com.ar\/index.php\/wp-json\/wp\/v2\/posts"}],"about":[{"href":"https:\/\/www.delibresparaelmundo.com.ar\/index.php\/wp-json\/wp\/v2\/types\/post"}],"author":[{"embeddable":true,"href":"https:\/\/www.delibresparaelmundo.com.ar\/index.php\/wp-json\/wp\/v2\/users\/1"}],"replies":[{"embeddable":true,"href":"https:\/\/www.delibresparaelmundo.com.ar\/index.php\/wp-json\/wp\/v2\/comments?post=143542"}],"version-history":[{"count":0,"href":"https:\/\/www.delibresparaelmundo.com.ar\/index.php\/wp-json\/wp\/v2\/posts\/143542\/revisions"}],"wp:featuredmedia":[{"embeddable":true,"href":"https:\/\/www.delibresparaelmundo.com.ar\/index.php\/wp-json\/wp\/v2\/media\/143543"}],"wp:attachment":[{"href":"https:\/\/www.delibresparaelmundo.com.ar\/index.php\/wp-json\/wp\/v2\/media?parent=143542"}],"wp:term":[{"taxonomy":"category","embeddable":true,"href":"https:\/\/www.delibresparaelmundo.com.ar\/index.php\/wp-json\/wp\/v2\/categories?post=143542"},{"taxonomy":"post_tag","embeddable":true,"href":"https:\/\/www.delibresparaelmundo.com.ar\/index.php\/wp-json\/wp\/v2\/tags?post=143542"}],"curies":[{"name":"wp","href":"https:\/\/api.w.org\/{rel}","templated":true}]}}