{"id":143562,"date":"2026-05-03T03:42:27","date_gmt":"2026-05-03T06:42:27","guid":{"rendered":"https:\/\/www.delibresparaelmundo.com.ar\/index.php\/2026\/05\/03\/nuevo-escenario-javier-milei-toca-un-piso-en-las-encuestas-pero-la-oposicion-aun-no-lo-capitaliza\/"},"modified":"2026-05-03T03:42:27","modified_gmt":"2026-05-03T06:42:27","slug":"nuevo-escenario-javier-milei-toca-un-piso-en-las-encuestas-pero-la-oposicion-aun-no-lo-capitaliza","status":"publish","type":"post","link":"https:\/\/www.delibresparaelmundo.com.ar\/index.php\/2026\/05\/03\/nuevo-escenario-javier-milei-toca-un-piso-en-las-encuestas-pero-la-oposicion-aun-no-lo-capitaliza\/","title":{"rendered":"Nuevo escenario: Javier Milei toca un piso en las encuestas, pero la oposici\u00f3n a\u00fan no lo capitaliza"},"content":{"rendered":"<ul>\n<li>Clar\u00edn analiza 14 estudios nacionales del \u00faltimo mes.<\/li>\n<li>La aprobaci\u00f3n del Gobierno, la imagen del Presidente y las expectativas econ\u00f3micas.<\/li>\n<li>Y un dato central: c\u00f3mo est\u00e1 la pelea electoral para 2027.<\/li>\n<\/ul>\n<p>Clar\u00edn analiza 14 estudios nacionales del \u00faltimo mes.La aprobaci\u00f3n del Gobierno, la imagen del Presidente y las expectativas econ\u00f3micas.Y un dato central: c\u00f3mo est\u00e1 la pelea electoral para 2027.<\/p>","protected":false},"excerpt":{"rendered":"<p>Clar\u00edn analiza 14 estudios nacionales del \u00faltimo mes. La aprobaci\u00f3n del Gobierno, la imagen del Presidente y las expectativas econ\u00f3micas. Y un dato central: c\u00f3mo est\u00e1 la pelea electoral para 2027. Clar\u00edn analiza 14 estudios nacionales del \u00faltimo mes.La aprobaci\u00f3n del Gobierno, la imagen del Presidente y las expectativas econ\u00f3micas.Y un dato central: c\u00f3mo est\u00e1 [&hellip;]<\/p>\n","protected":false},"author":1,"featured_media":143563,"comment_status":"open","ping_status":"open","sticky":false,"template":"","format":"standard","meta":{"footnotes":""},"categories":[12],"tags":[],"class_list":["post-143562","post","type-post","status-publish","format-standard","has-post-thumbnail","hentry","category-nacionales"],"_links":{"self":[{"href":"https:\/\/www.delibresparaelmundo.com.ar\/index.php\/wp-json\/wp\/v2\/posts\/143562","targetHints":{"allow":["GET"]}}],"collection":[{"href":"https:\/\/www.delibresparaelmundo.com.ar\/index.php\/wp-json\/wp\/v2\/posts"}],"about":[{"href":"https:\/\/www.delibresparaelmundo.com.ar\/index.php\/wp-json\/wp\/v2\/types\/post"}],"author":[{"embeddable":true,"href":"https:\/\/www.delibresparaelmundo.com.ar\/index.php\/wp-json\/wp\/v2\/users\/1"}],"replies":[{"embeddable":true,"href":"https:\/\/www.delibresparaelmundo.com.ar\/index.php\/wp-json\/wp\/v2\/comments?post=143562"}],"version-history":[{"count":0,"href":"https:\/\/www.delibresparaelmundo.com.ar\/index.php\/wp-json\/wp\/v2\/posts\/143562\/revisions"}],"wp:featuredmedia":[{"embeddable":true,"href":"https:\/\/www.delibresparaelmundo.com.ar\/index.php\/wp-json\/wp\/v2\/media\/143563"}],"wp:attachment":[{"href":"https:\/\/www.delibresparaelmundo.com.ar\/index.php\/wp-json\/wp\/v2\/media?parent=143562"}],"wp:term":[{"taxonomy":"category","embeddable":true,"href":"https:\/\/www.delibresparaelmundo.com.ar\/index.php\/wp-json\/wp\/v2\/categories?post=143562"},{"taxonomy":"post_tag","embeddable":true,"href":"https:\/\/www.delibresparaelmundo.com.ar\/index.php\/wp-json\/wp\/v2\/tags?post=143562"}],"curies":[{"name":"wp","href":"https:\/\/api.w.org\/{rel}","templated":true}]}}