{"id":146771,"date":"2026-08-29T15:41:38","date_gmt":"2026-08-29T18:41:38","guid":{"rendered":"https:\/\/www.delibresparaelmundo.com.ar\/index.php\/2026\/08\/29\/un-funcionario-de-trump-le-reclamo-al-gobierno-argentino-que-acelere-la-aprobacion-del-acuerdo-de-comercio-e-inversion-que-firmaron-en-febrero\/"},"modified":"2026-08-29T15:41:38","modified_gmt":"2026-08-29T18:41:38","slug":"un-funcionario-de-trump-le-reclamo-al-gobierno-argentino-que-acelere-la-aprobacion-del-acuerdo-de-comercio-e-inversion-que-firmaron-en-febrero","status":"publish","type":"post","link":"https:\/\/www.delibresparaelmundo.com.ar\/index.php\/2026\/08\/29\/un-funcionario-de-trump-le-reclamo-al-gobierno-argentino-que-acelere-la-aprobacion-del-acuerdo-de-comercio-e-inversion-que-firmaron-en-febrero\/","title":{"rendered":"Un funcionario de Trump le reclam\u00f3 al Gobierno argentino que acelere la aprobaci\u00f3n del acuerdo de comercio e inversi\u00f3n que firmaron en febrero"},"content":{"rendered":"<ul>\n<li>El mensaje fue dado por el representante Comercial Adjunto de Estados Unidos, Jeff Goettman, a los ministros Luis Caputo y Pablo Quirno, durante su visita a Buenos Aires esta semana<\/li>\n<li>Qu\u00e9 comunic\u00f3 la Embajada que conduce Lamelas.<\/li>\n<\/ul>\n<p>El mensaje fue dado por el representante Comercial Adjunto de Estados Unidos, Jeff Goettman, a los ministros Luis Caputo y Pablo Quirno, durante su visita a Buenos Aires esta semanaQu\u00e9 comunic\u00f3 la Embajada que conduce Lamelas.<\/p>","protected":false},"excerpt":{"rendered":"<p>El mensaje fue dado por el representante Comercial Adjunto de Estados Unidos, Jeff Goettman, a los ministros Luis Caputo y Pablo Quirno, durante su visita a Buenos Aires esta semana Qu\u00e9 comunic\u00f3 la Embajada que conduce Lamelas. El mensaje fue dado por el representante Comercial Adjunto de Estados Unidos, Jeff Goettman, a los ministros Luis [&hellip;]<\/p>\n","protected":false},"author":1,"featured_media":0,"comment_status":"open","ping_status":"open","sticky":false,"template":"","format":"standard","meta":{"footnotes":""},"categories":[621],"tags":[],"class_list":["post-146771","post","type-post","status-publish","format-standard","has-post-thumbnail","hentry","category-economia"],"_links":{"self":[{"href":"https:\/\/www.delibresparaelmundo.com.ar\/index.php\/wp-json\/wp\/v2\/posts\/146771","targetHints":{"allow":["GET"]}}],"collection":[{"href":"https:\/\/www.delibresparaelmundo.com.ar\/index.php\/wp-json\/wp\/v2\/posts"}],"about":[{"href":"https:\/\/www.delibresparaelmundo.com.ar\/index.php\/wp-json\/wp\/v2\/types\/post"}],"author":[{"embeddable":true,"href":"https:\/\/www.delibresparaelmundo.com.ar\/index.php\/wp-json\/wp\/v2\/users\/1"}],"replies":[{"embeddable":true,"href":"https:\/\/www.delibresparaelmundo.com.ar\/index.php\/wp-json\/wp\/v2\/comments?post=146771"}],"version-history":[{"count":0,"href":"https:\/\/www.delibresparaelmundo.com.ar\/index.php\/wp-json\/wp\/v2\/posts\/146771\/revisions"}],"wp:attachment":[{"href":"https:\/\/www.delibresparaelmundo.com.ar\/index.php\/wp-json\/wp\/v2\/media?parent=146771"}],"wp:term":[{"taxonomy":"category","embeddable":true,"href":"https:\/\/www.delibresparaelmundo.com.ar\/index.php\/wp-json\/wp\/v2\/categories?post=146771"},{"taxonomy":"post_tag","embeddable":true,"href":"https:\/\/www.delibresparaelmundo.com.ar\/index.php\/wp-json\/wp\/v2\/tags?post=146771"}],"curies":[{"name":"wp","href":"https:\/\/api.w.org\/{rel}","templated":true}]}}