{"id":146777,"date":"2026-08-29T15:41:39","date_gmt":"2026-08-29T18:41:39","guid":{"rendered":"https:\/\/www.delibresparaelmundo.com.ar\/index.php\/2026\/08\/29\/como-operaba-la-banda-narco-con-la-que-bebote-alvarez-termino-de-nuevo-en-prision-mulas-desde-barcelona-y-aceite-de-oliva-para-disimular\/"},"modified":"2026-08-29T15:41:39","modified_gmt":"2026-08-29T18:41:39","slug":"como-operaba-la-banda-narco-con-la-que-bebote-alvarez-termino-de-nuevo-en-prision-mulas-desde-barcelona-y-aceite-de-oliva-para-disimular","status":"publish","type":"post","link":"https:\/\/www.delibresparaelmundo.com.ar\/index.php\/2026\/08\/29\/como-operaba-la-banda-narco-con-la-que-bebote-alvarez-termino-de-nuevo-en-prision-mulas-desde-barcelona-y-aceite-de-oliva-para-disimular\/","title":{"rendered":"C\u00f3mo operaba la banda narco con la que \u00abBebote\u00bb \u00c1lvarez termin\u00f3 de nuevo en prisi\u00f3n: mulas desde Barcelona y aceite de oliva para disimular"},"content":{"rendered":"<ul>\n<li>El barra de Independiente qued\u00f3 alojado en el penal de Marcos Paz tras ser imputado en una causa por tr\u00e1fico de drogas.<\/li>\n<li>El rol que ten\u00eda dentro de la organizaci\u00f3n criminal. <\/li>\n<li>\u00abSab\u00eda todo y particip\u00f3 en la compra de drogas\u00bb, dijo a Clar\u00edn un investigador.<\/li>\n<\/ul>\n<p>El barra de Independiente qued\u00f3 alojado en el penal de Marcos Paz tras ser imputado en una causa por tr\u00e1fico de drogas.El rol que ten\u00eda dentro de la organizaci\u00f3n criminal. \u00abSab\u00eda todo y particip\u00f3 en la compra de drogas\u00bb, dijo a Clar\u00edn un investigador.<\/p>","protected":false},"excerpt":{"rendered":"<p>El barra de Independiente qued\u00f3 alojado en el penal de Marcos Paz tras ser imputado en una causa por tr\u00e1fico de drogas. El rol que ten\u00eda dentro de la organizaci\u00f3n criminal. \u00abSab\u00eda todo y particip\u00f3 en la compra de drogas\u00bb, dijo a Clar\u00edn un investigador. El barra de Independiente qued\u00f3 alojado en el penal de [&hellip;]<\/p>\n","protected":false},"author":1,"featured_media":146778,"comment_status":"open","ping_status":"open","sticky":false,"template":"","format":"standard","meta":{"footnotes":""},"categories":[12],"tags":[],"class_list":["post-146777","post","type-post","status-publish","format-standard","has-post-thumbnail","hentry","category-nacionales"],"_links":{"self":[{"href":"https:\/\/www.delibresparaelmundo.com.ar\/index.php\/wp-json\/wp\/v2\/posts\/146777","targetHints":{"allow":["GET"]}}],"collection":[{"href":"https:\/\/www.delibresparaelmundo.com.ar\/index.php\/wp-json\/wp\/v2\/posts"}],"about":[{"href":"https:\/\/www.delibresparaelmundo.com.ar\/index.php\/wp-json\/wp\/v2\/types\/post"}],"author":[{"embeddable":true,"href":"https:\/\/www.delibresparaelmundo.com.ar\/index.php\/wp-json\/wp\/v2\/users\/1"}],"replies":[{"embeddable":true,"href":"https:\/\/www.delibresparaelmundo.com.ar\/index.php\/wp-json\/wp\/v2\/comments?post=146777"}],"version-history":[{"count":0,"href":"https:\/\/www.delibresparaelmundo.com.ar\/index.php\/wp-json\/wp\/v2\/posts\/146777\/revisions"}],"wp:featuredmedia":[{"embeddable":true,"href":"https:\/\/www.delibresparaelmundo.com.ar\/index.php\/wp-json\/wp\/v2\/media\/146778"}],"wp:attachment":[{"href":"https:\/\/www.delibresparaelmundo.com.ar\/index.php\/wp-json\/wp\/v2\/media?parent=146777"}],"wp:term":[{"taxonomy":"category","embeddable":true,"href":"https:\/\/www.delibresparaelmundo.com.ar\/index.php\/wp-json\/wp\/v2\/categories?post=146777"},{"taxonomy":"post_tag","embeddable":true,"href":"https:\/\/www.delibresparaelmundo.com.ar\/index.php\/wp-json\/wp\/v2\/tags?post=146777"}],"curies":[{"name":"wp","href":"https:\/\/api.w.org\/{rel}","templated":true}]}}