{"id":146786,"date":"2026-08-30T03:41:11","date_gmt":"2026-08-30T06:41:11","guid":{"rendered":"https:\/\/www.delibresparaelmundo.com.ar\/index.php\/2026\/08\/30\/es-un-tema-de-plata-como-todo-lo-que-haces-insolito-cruce-de-martin-lousteau-y-el-empresario-martin-varsavsky-por-un-refugio-antibelico-en-mendoza\/"},"modified":"2026-08-30T03:41:11","modified_gmt":"2026-08-30T06:41:11","slug":"es-un-tema-de-plata-como-todo-lo-que-haces-insolito-cruce-de-martin-lousteau-y-el-empresario-martin-varsavsky-por-un-refugio-antibelico-en-mendoza","status":"publish","type":"post","link":"https:\/\/www.delibresparaelmundo.com.ar\/index.php\/2026\/08\/30\/es-un-tema-de-plata-como-todo-lo-que-haces-insolito-cruce-de-martin-lousteau-y-el-empresario-martin-varsavsky-por-un-refugio-antibelico-en-mendoza\/","title":{"rendered":"\u00abEs un tema de plata, como todo lo que hac\u00e9s\u00bb: ins\u00f3lito cruce de Mart\u00edn Lousteau y el empresario Mart\u00edn Varsavsky por un refugio antib\u00e9lico en Mendoza"},"content":{"rendered":"<ul>\n<li>El diputado cuestion\u00f3 un campo que compr\u00f3 el empresario argentino-espa\u00f1ol al pie de la Cordillera para refugiarse en caso de una Tercera Guerra Mundial.<\/li>\n<li>\u00abBasta de mentir\u00bb, le pidi\u00f3 Varsavsky, que sin embargo confirm\u00f3 la adquisici\u00f3n y su temor sobre la guerra.<\/li>\n<li>\u00abEst\u00e1s armando un negocio con los recursos y la ubicaci\u00f3n privilegiada de Argentina\u00bb, le contest\u00f3 Lousteau.<\/li>\n<\/ul>\n<p>El diputado cuestion\u00f3 un campo que compr\u00f3 el empresario argentino-espa\u00f1ol al pie de la Cordillera para refugiarse en caso de una Tercera Guerra Mundial.\u00bbBasta de mentir\u00bb, le pidi\u00f3 Varsavsky, que sin embargo confirm\u00f3 la adquisici\u00f3n y su temor sobre la guerra.\u00bbEst\u00e1s armando un negocio con los recursos y la ubicaci\u00f3n privilegiada de Argentina\u00bb, le contest\u00f3 Lousteau.<\/p>","protected":false},"excerpt":{"rendered":"<p>El diputado cuestion\u00f3 un campo que compr\u00f3 el empresario argentino-espa\u00f1ol al pie de la Cordillera para refugiarse en caso de una Tercera Guerra Mundial. \u00abBasta de mentir\u00bb, le pidi\u00f3 Varsavsky, que sin embargo confirm\u00f3 la adquisici\u00f3n y su temor sobre la guerra. \u00abEst\u00e1s armando un negocio con los recursos y la ubicaci\u00f3n privilegiada de Argentina\u00bb, [&hellip;]<\/p>\n","protected":false},"author":1,"featured_media":146787,"comment_status":"open","ping_status":"open","sticky":false,"template":"","format":"standard","meta":{"footnotes":""},"categories":[12],"tags":[],"class_list":["post-146786","post","type-post","status-publish","format-standard","has-post-thumbnail","hentry","category-nacionales"],"_links":{"self":[{"href":"https:\/\/www.delibresparaelmundo.com.ar\/index.php\/wp-json\/wp\/v2\/posts\/146786","targetHints":{"allow":["GET"]}}],"collection":[{"href":"https:\/\/www.delibresparaelmundo.com.ar\/index.php\/wp-json\/wp\/v2\/posts"}],"about":[{"href":"https:\/\/www.delibresparaelmundo.com.ar\/index.php\/wp-json\/wp\/v2\/types\/post"}],"author":[{"embeddable":true,"href":"https:\/\/www.delibresparaelmundo.com.ar\/index.php\/wp-json\/wp\/v2\/users\/1"}],"replies":[{"embeddable":true,"href":"https:\/\/www.delibresparaelmundo.com.ar\/index.php\/wp-json\/wp\/v2\/comments?post=146786"}],"version-history":[{"count":0,"href":"https:\/\/www.delibresparaelmundo.com.ar\/index.php\/wp-json\/wp\/v2\/posts\/146786\/revisions"}],"wp:featuredmedia":[{"embeddable":true,"href":"https:\/\/www.delibresparaelmundo.com.ar\/index.php\/wp-json\/wp\/v2\/media\/146787"}],"wp:attachment":[{"href":"https:\/\/www.delibresparaelmundo.com.ar\/index.php\/wp-json\/wp\/v2\/media?parent=146786"}],"wp:term":[{"taxonomy":"category","embeddable":true,"href":"https:\/\/www.delibresparaelmundo.com.ar\/index.php\/wp-json\/wp\/v2\/categories?post=146786"},{"taxonomy":"post_tag","embeddable":true,"href":"https:\/\/www.delibresparaelmundo.com.ar\/index.php\/wp-json\/wp\/v2\/tags?post=146786"}],"curies":[{"name":"wp","href":"https:\/\/api.w.org\/{rel}","templated":true}]}}