{"id":146794,"date":"2026-08-30T15:41:41","date_gmt":"2026-08-30T18:41:41","guid":{"rendered":"https:\/\/www.delibresparaelmundo.com.ar\/index.php\/2026\/08\/30\/el-agro-del-futuro-innovacion-y-motor-economico\/"},"modified":"2026-08-30T15:41:41","modified_gmt":"2026-08-30T18:41:41","slug":"el-agro-del-futuro-innovacion-y-motor-economico","status":"publish","type":"post","link":"https:\/\/www.delibresparaelmundo.com.ar\/index.php\/2026\/08\/30\/el-agro-del-futuro-innovacion-y-motor-economico\/","title":{"rendered":"El agro del futuro: innovaci\u00f3n y motor econ\u00f3mico"},"content":{"rendered":"<p>El campo enfrenta una transformaci\u00f3n digital, al mismo tiempo que espera se\u00f1ales del sector p\u00fablico y privado que garanticen la previsibilidad para realizar inversiones. Todas estas cuestiones estuvieron en la mesa de debate de una nueva edici\u00f3n de Visi\u00f3n 360, el ciclo de Clar\u00edn.<\/p>\n<p>El campo enfrenta una transformaci\u00f3n digital, al mismo tiempo que espera se\u00f1ales del sector p\u00fablico y privado que garanticen la previsibilidad para realizar inversiones. Todas estas cuestiones estuvieron en la mesa de debate de una nueva edici\u00f3n de Visi\u00f3n 360, el ciclo de Clar\u00edn.<\/p>","protected":false},"excerpt":{"rendered":"<p>El campo enfrenta una transformaci\u00f3n digital, al mismo tiempo que espera se\u00f1ales del sector p\u00fablico y privado que garanticen la previsibilidad para realizar inversiones. Todas estas cuestiones estuvieron en la mesa de debate de una nueva edici\u00f3n de Visi\u00f3n 360, el ciclo de Clar\u00edn. El campo enfrenta una transformaci\u00f3n digital, al mismo tiempo que espera [&hellip;]<\/p>\n","protected":false},"author":1,"featured_media":0,"comment_status":"open","ping_status":"open","sticky":false,"template":"","format":"standard","meta":{"footnotes":""},"categories":[621],"tags":[],"class_list":["post-146794","post","type-post","status-publish","format-standard","has-post-thumbnail","hentry","category-economia"],"_links":{"self":[{"href":"https:\/\/www.delibresparaelmundo.com.ar\/index.php\/wp-json\/wp\/v2\/posts\/146794","targetHints":{"allow":["GET"]}}],"collection":[{"href":"https:\/\/www.delibresparaelmundo.com.ar\/index.php\/wp-json\/wp\/v2\/posts"}],"about":[{"href":"https:\/\/www.delibresparaelmundo.com.ar\/index.php\/wp-json\/wp\/v2\/types\/post"}],"author":[{"embeddable":true,"href":"https:\/\/www.delibresparaelmundo.com.ar\/index.php\/wp-json\/wp\/v2\/users\/1"}],"replies":[{"embeddable":true,"href":"https:\/\/www.delibresparaelmundo.com.ar\/index.php\/wp-json\/wp\/v2\/comments?post=146794"}],"version-history":[{"count":0,"href":"https:\/\/www.delibresparaelmundo.com.ar\/index.php\/wp-json\/wp\/v2\/posts\/146794\/revisions"}],"wp:attachment":[{"href":"https:\/\/www.delibresparaelmundo.com.ar\/index.php\/wp-json\/wp\/v2\/media?parent=146794"}],"wp:term":[{"taxonomy":"category","embeddable":true,"href":"https:\/\/www.delibresparaelmundo.com.ar\/index.php\/wp-json\/wp\/v2\/categories?post=146794"},{"taxonomy":"post_tag","embeddable":true,"href":"https:\/\/www.delibresparaelmundo.com.ar\/index.php\/wp-json\/wp\/v2\/tags?post=146794"}],"curies":[{"name":"wp","href":"https:\/\/api.w.org\/{rel}","templated":true}]}}