{"id":146835,"date":"2026-09-01T03:41:38","date_gmt":"2026-09-01T06:41:38","guid":{"rendered":"https:\/\/www.delibresparaelmundo.com.ar\/index.php\/2026\/09\/01\/el-campo-se-prepara-para-el-nino-adelantan-la-siembra-de-maiz-y-empiezan-a-mover-la-hacienda-de-las-zonas-bajas\/"},"modified":"2026-09-01T03:41:38","modified_gmt":"2026-09-01T06:41:38","slug":"el-campo-se-prepara-para-el-nino-adelantan-la-siembra-de-maiz-y-empiezan-a-mover-la-hacienda-de-las-zonas-bajas","status":"publish","type":"post","link":"https:\/\/www.delibresparaelmundo.com.ar\/index.php\/2026\/09\/01\/el-campo-se-prepara-para-el-nino-adelantan-la-siembra-de-maiz-y-empiezan-a-mover-la-hacienda-de-las-zonas-bajas\/","title":{"rendered":"El campo se prepara para el Ni\u00f1o: adelantan la siembra de ma\u00edz y empiezan a mover la hacienda de las zonas bajas"},"content":{"rendered":"<ul>\n<li>La posibilidad de un evento de El Ni\u00f1o fuerte a muy fuerte est\u00e1 modificando las decisiones productivas en distintas regiones<\/li>\n<li>En la zona n\u00facleo los productores aceleran la siembra de ma\u00edz para evitar que el cultivo atraviese los per\u00edodos de calor durante el verano<\/li>\n<li>Mientras que en el norte de Santa Fe ya se registra un fuerte movimiento de hacienda por los campos anegados. <\/li>\n<\/ul>\n<p>La posibilidad de un evento de El Ni\u00f1o fuerte a muy fuerte est\u00e1 modificando las decisiones productivas en distintas regionesEn la zona n\u00facleo los productores aceleran la siembra de ma\u00edz para evitar que el cultivo atraviese los per\u00edodos de calor durante el veranoMientras que en el norte de Santa Fe ya se registra un fuerte movimiento de hacienda por los campos anegados.<\/p>","protected":false},"excerpt":{"rendered":"<p>La posibilidad de un evento de El Ni\u00f1o fuerte a muy fuerte est\u00e1 modificando las decisiones productivas en distintas regiones En la zona n\u00facleo los productores aceleran la siembra de ma\u00edz para evitar que el cultivo atraviese los per\u00edodos de calor durante el verano Mientras que en el norte de Santa Fe ya se registra [&hellip;]<\/p>\n","protected":false},"author":1,"featured_media":0,"comment_status":"open","ping_status":"open","sticky":false,"template":"","format":"standard","meta":{"footnotes":""},"categories":[621],"tags":[],"class_list":["post-146835","post","type-post","status-publish","format-standard","has-post-thumbnail","hentry","category-economia"],"_links":{"self":[{"href":"https:\/\/www.delibresparaelmundo.com.ar\/index.php\/wp-json\/wp\/v2\/posts\/146835","targetHints":{"allow":["GET"]}}],"collection":[{"href":"https:\/\/www.delibresparaelmundo.com.ar\/index.php\/wp-json\/wp\/v2\/posts"}],"about":[{"href":"https:\/\/www.delibresparaelmundo.com.ar\/index.php\/wp-json\/wp\/v2\/types\/post"}],"author":[{"embeddable":true,"href":"https:\/\/www.delibresparaelmundo.com.ar\/index.php\/wp-json\/wp\/v2\/users\/1"}],"replies":[{"embeddable":true,"href":"https:\/\/www.delibresparaelmundo.com.ar\/index.php\/wp-json\/wp\/v2\/comments?post=146835"}],"version-history":[{"count":0,"href":"https:\/\/www.delibresparaelmundo.com.ar\/index.php\/wp-json\/wp\/v2\/posts\/146835\/revisions"}],"wp:attachment":[{"href":"https:\/\/www.delibresparaelmundo.com.ar\/index.php\/wp-json\/wp\/v2\/media?parent=146835"}],"wp:term":[{"taxonomy":"category","embeddable":true,"href":"https:\/\/www.delibresparaelmundo.com.ar\/index.php\/wp-json\/wp\/v2\/categories?post=146835"},{"taxonomy":"post_tag","embeddable":true,"href":"https:\/\/www.delibresparaelmundo.com.ar\/index.php\/wp-json\/wp\/v2\/tags?post=146835"}],"curies":[{"name":"wp","href":"https:\/\/api.w.org\/{rel}","templated":true}]}}