{"id":146841,"date":"2026-09-01T03:41:38","date_gmt":"2026-09-01T06:41:38","guid":{"rendered":"https:\/\/www.delibresparaelmundo.com.ar\/index.php\/2026\/09\/01\/ataque-en-times-square-armada-con-dos-cuchillos-mato-a-una-persona-hirio-a-otra-y-fue-abatida-por-la-policia\/"},"modified":"2026-09-01T03:41:38","modified_gmt":"2026-09-01T06:41:38","slug":"ataque-en-times-square-armada-con-dos-cuchillos-mato-a-una-persona-hirio-a-otra-y-fue-abatida-por-la-policia","status":"publish","type":"post","link":"https:\/\/www.delibresparaelmundo.com.ar\/index.php\/2026\/09\/01\/ataque-en-times-square-armada-con-dos-cuchillos-mato-a-una-persona-hirio-a-otra-y-fue-abatida-por-la-policia\/","title":{"rendered":"Ataque en Times Square: armada con dos cuchillos, mat\u00f3 a una persona, hiri\u00f3 a otra y fue abatida por la Polic\u00eda"},"content":{"rendered":"<ul>\n<li>Las autoridades identificaron a la sospechosa como una mujer de 49 a\u00f1os con antecedentes de problemas de salud mental en Nueva York. <\/li>\n<li>Los agentes intentaron reducirla durante varios minutos con \u00f3rdenes verbales y una pistola el\u00e9ctrica, antes de abrir fuego.<\/li>\n<\/ul>\n<p>Las autoridades identificaron a la sospechosa como una mujer de 49 a\u00f1os con antecedentes de problemas de salud mental en Nueva York. Los agentes intentaron reducirla durante varios minutos con \u00f3rdenes verbales y una pistola el\u00e9ctrica, antes de abrir fuego.<\/p>","protected":false},"excerpt":{"rendered":"<p>Las autoridades identificaron a la sospechosa como una mujer de 49 a\u00f1os con antecedentes de problemas de salud mental en Nueva York. Los agentes intentaron reducirla durante varios minutos con \u00f3rdenes verbales y una pistola el\u00e9ctrica, antes de abrir fuego. Las autoridades identificaron a la sospechosa como una mujer de 49 a\u00f1os con antecedentes de [&hellip;]<\/p>\n","protected":false},"author":1,"featured_media":0,"comment_status":"open","ping_status":"open","sticky":false,"template":"","format":"standard","meta":{"footnotes":""},"categories":[623],"tags":[],"class_list":["post-146841","post","type-post","status-publish","format-standard","has-post-thumbnail","hentry","category-internacionales"],"_links":{"self":[{"href":"https:\/\/www.delibresparaelmundo.com.ar\/index.php\/wp-json\/wp\/v2\/posts\/146841","targetHints":{"allow":["GET"]}}],"collection":[{"href":"https:\/\/www.delibresparaelmundo.com.ar\/index.php\/wp-json\/wp\/v2\/posts"}],"about":[{"href":"https:\/\/www.delibresparaelmundo.com.ar\/index.php\/wp-json\/wp\/v2\/types\/post"}],"author":[{"embeddable":true,"href":"https:\/\/www.delibresparaelmundo.com.ar\/index.php\/wp-json\/wp\/v2\/users\/1"}],"replies":[{"embeddable":true,"href":"https:\/\/www.delibresparaelmundo.com.ar\/index.php\/wp-json\/wp\/v2\/comments?post=146841"}],"version-history":[{"count":0,"href":"https:\/\/www.delibresparaelmundo.com.ar\/index.php\/wp-json\/wp\/v2\/posts\/146841\/revisions"}],"wp:attachment":[{"href":"https:\/\/www.delibresparaelmundo.com.ar\/index.php\/wp-json\/wp\/v2\/media?parent=146841"}],"wp:term":[{"taxonomy":"category","embeddable":true,"href":"https:\/\/www.delibresparaelmundo.com.ar\/index.php\/wp-json\/wp\/v2\/categories?post=146841"},{"taxonomy":"post_tag","embeddable":true,"href":"https:\/\/www.delibresparaelmundo.com.ar\/index.php\/wp-json\/wp\/v2\/tags?post=146841"}],"curies":[{"name":"wp","href":"https:\/\/api.w.org\/{rel}","templated":true}]}}