{"id":146858,"date":"2026-09-01T15:41:31","date_gmt":"2026-09-01T18:41:31","guid":{"rendered":"https:\/\/www.delibresparaelmundo.com.ar\/index.php\/2026\/09\/01\/cuadernos-un-empresario-conto-que-el-financista-k-ernesto-clarens-manejaba-parte-de-la-obra-publica\/"},"modified":"2026-09-01T15:41:31","modified_gmt":"2026-09-01T18:41:31","slug":"cuadernos-un-empresario-conto-que-el-financista-k-ernesto-clarens-manejaba-parte-de-la-obra-publica","status":"publish","type":"post","link":"https:\/\/www.delibresparaelmundo.com.ar\/index.php\/2026\/09\/01\/cuadernos-un-empresario-conto-que-el-financista-k-ernesto-clarens-manejaba-parte-de-la-obra-publica\/","title":{"rendered":"Cuadernos: un empresario cont\u00f3 que el financista K Ernesto Clarens manejaba parte de la obra p\u00fablica"},"content":{"rendered":"<ul>\n<li>Franco Gagliardo, de la compa\u00f1\u00eda Obring, declar\u00f3 como testigo que Clarens \u00absin ser funcionario conoc\u00eda el plan de obras viales\u00bb en los gobiernos kirchneristas.<\/li>\n<\/ul>\n<p>Franco Gagliardo, de la compa\u00f1\u00eda Obring, declar\u00f3 como testigo que Clarens \u00absin ser funcionario conoc\u00eda el plan de obras viales\u00bb en los gobiernos kirchneristas.<\/p>","protected":false},"excerpt":{"rendered":"<p>Franco Gagliardo, de la compa\u00f1\u00eda Obring, declar\u00f3 como testigo que Clarens \u00absin ser funcionario conoc\u00eda el plan de obras viales\u00bb en los gobiernos kirchneristas. Franco Gagliardo, de la compa\u00f1\u00eda Obring, declar\u00f3 como testigo que Clarens \u00absin ser funcionario conoc\u00eda el plan de obras viales\u00bb en los gobiernos kirchneristas.<\/p>\n","protected":false},"author":1,"featured_media":146859,"comment_status":"open","ping_status":"open","sticky":false,"template":"","format":"standard","meta":{"footnotes":""},"categories":[12],"tags":[],"class_list":["post-146858","post","type-post","status-publish","format-standard","has-post-thumbnail","hentry","category-nacionales"],"_links":{"self":[{"href":"https:\/\/www.delibresparaelmundo.com.ar\/index.php\/wp-json\/wp\/v2\/posts\/146858","targetHints":{"allow":["GET"]}}],"collection":[{"href":"https:\/\/www.delibresparaelmundo.com.ar\/index.php\/wp-json\/wp\/v2\/posts"}],"about":[{"href":"https:\/\/www.delibresparaelmundo.com.ar\/index.php\/wp-json\/wp\/v2\/types\/post"}],"author":[{"embeddable":true,"href":"https:\/\/www.delibresparaelmundo.com.ar\/index.php\/wp-json\/wp\/v2\/users\/1"}],"replies":[{"embeddable":true,"href":"https:\/\/www.delibresparaelmundo.com.ar\/index.php\/wp-json\/wp\/v2\/comments?post=146858"}],"version-history":[{"count":0,"href":"https:\/\/www.delibresparaelmundo.com.ar\/index.php\/wp-json\/wp\/v2\/posts\/146858\/revisions"}],"wp:featuredmedia":[{"embeddable":true,"href":"https:\/\/www.delibresparaelmundo.com.ar\/index.php\/wp-json\/wp\/v2\/media\/146859"}],"wp:attachment":[{"href":"https:\/\/www.delibresparaelmundo.com.ar\/index.php\/wp-json\/wp\/v2\/media?parent=146858"}],"wp:term":[{"taxonomy":"category","embeddable":true,"href":"https:\/\/www.delibresparaelmundo.com.ar\/index.php\/wp-json\/wp\/v2\/categories?post=146858"},{"taxonomy":"post_tag","embeddable":true,"href":"https:\/\/www.delibresparaelmundo.com.ar\/index.php\/wp-json\/wp\/v2\/tags?post=146858"}],"curies":[{"name":"wp","href":"https:\/\/api.w.org\/{rel}","templated":true}]}}