{"id":146863,"date":"2026-09-02T03:41:53","date_gmt":"2026-09-02T06:41:53","guid":{"rendered":"https:\/\/www.delibresparaelmundo.com.ar\/index.php\/2026\/09\/02\/salario-minimo-vital-y-movil-el-gobierno-definio-los-nuevos-montos-desde-septiembre-de-2026\/"},"modified":"2026-09-02T03:41:53","modified_gmt":"2026-09-02T06:41:53","slug":"salario-minimo-vital-y-movil-el-gobierno-definio-los-nuevos-montos-desde-septiembre-de-2026","status":"publish","type":"post","link":"https:\/\/www.delibresparaelmundo.com.ar\/index.php\/2026\/09\/02\/salario-minimo-vital-y-movil-el-gobierno-definio-los-nuevos-montos-desde-septiembre-de-2026\/","title":{"rendered":"Salario M\u00ednimo, Vital y M\u00f3vil: el Gobierno defini\u00f3 los nuevos montos desde septiembre de 2026"},"content":{"rendered":"<ul>\n<li>La decisi\u00f3n se tom\u00f3 despu\u00e9s de que sindicatos y empresarios no lograran alcanzar un acuerdo durante la reuni\u00f3n del Consejo del Salario.  <\/li>\n<li>La nueva escala fija aumentos mensuales hasta abril de 2027 y ratifica la f\u00f3rmula utilizada para calcular la prestaci\u00f3n por desempleo.<\/li>\n<\/ul>\n<p>La decisi\u00f3n se tom\u00f3 despu\u00e9s de que sindicatos y empresarios no lograran alcanzar un acuerdo durante la reuni\u00f3n del Consejo del Salario.  La nueva escala fija aumentos mensuales hasta abril de 2027 y ratifica la f\u00f3rmula utilizada para calcular la prestaci\u00f3n por desempleo.<\/p>","protected":false},"excerpt":{"rendered":"<p>La decisi\u00f3n se tom\u00f3 despu\u00e9s de que sindicatos y empresarios no lograran alcanzar un acuerdo durante la reuni\u00f3n del Consejo del Salario. La nueva escala fija aumentos mensuales hasta abril de 2027 y ratifica la f\u00f3rmula utilizada para calcular la prestaci\u00f3n por desempleo. La decisi\u00f3n se tom\u00f3 despu\u00e9s de que sindicatos y empresarios no lograran [&hellip;]<\/p>\n","protected":false},"author":1,"featured_media":0,"comment_status":"open","ping_status":"open","sticky":false,"template":"","format":"standard","meta":{"footnotes":""},"categories":[621],"tags":[],"class_list":["post-146863","post","type-post","status-publish","format-standard","has-post-thumbnail","hentry","category-economia"],"_links":{"self":[{"href":"https:\/\/www.delibresparaelmundo.com.ar\/index.php\/wp-json\/wp\/v2\/posts\/146863","targetHints":{"allow":["GET"]}}],"collection":[{"href":"https:\/\/www.delibresparaelmundo.com.ar\/index.php\/wp-json\/wp\/v2\/posts"}],"about":[{"href":"https:\/\/www.delibresparaelmundo.com.ar\/index.php\/wp-json\/wp\/v2\/types\/post"}],"author":[{"embeddable":true,"href":"https:\/\/www.delibresparaelmundo.com.ar\/index.php\/wp-json\/wp\/v2\/users\/1"}],"replies":[{"embeddable":true,"href":"https:\/\/www.delibresparaelmundo.com.ar\/index.php\/wp-json\/wp\/v2\/comments?post=146863"}],"version-history":[{"count":0,"href":"https:\/\/www.delibresparaelmundo.com.ar\/index.php\/wp-json\/wp\/v2\/posts\/146863\/revisions"}],"wp:attachment":[{"href":"https:\/\/www.delibresparaelmundo.com.ar\/index.php\/wp-json\/wp\/v2\/media?parent=146863"}],"wp:term":[{"taxonomy":"category","embeddable":true,"href":"https:\/\/www.delibresparaelmundo.com.ar\/index.php\/wp-json\/wp\/v2\/categories?post=146863"},{"taxonomy":"post_tag","embeddable":true,"href":"https:\/\/www.delibresparaelmundo.com.ar\/index.php\/wp-json\/wp\/v2\/tags?post=146863"}],"curies":[{"name":"wp","href":"https:\/\/api.w.org\/{rel}","templated":true}]}}