{"id":146872,"date":"2026-09-02T03:41:54","date_gmt":"2026-09-02T06:41:54","guid":{"rendered":"https:\/\/www.delibresparaelmundo.com.ar\/index.php\/2026\/09\/02\/robo-al-excampeon-del-tc-walter-hernandez-detuvieron-a-un-sospechoso-y-secuestraron-una-camioneta-vinculada-al-asalto\/"},"modified":"2026-09-02T03:41:54","modified_gmt":"2026-09-02T06:41:54","slug":"robo-al-excampeon-del-tc-walter-hernandez-detuvieron-a-un-sospechoso-y-secuestraron-una-camioneta-vinculada-al-asalto","status":"publish","type":"post","link":"https:\/\/www.delibresparaelmundo.com.ar\/index.php\/2026\/09\/02\/robo-al-excampeon-del-tc-walter-hernandez-detuvieron-a-un-sospechoso-y-secuestraron-una-camioneta-vinculada-al-asalto\/","title":{"rendered":"Robo al excampe\u00f3n del TC Walter Hern\u00e1ndez: detuvieron a un sospechoso y secuestraron una camioneta vinculada al asalto"},"content":{"rendered":"<ul>\n<li>Un hombre de 33 a\u00f1os fue arrestado en un barrio sobre la ruta 88, al oeste de la ciudad balnearia.<\/li>\n<li>El veh\u00edculo que encontr\u00f3 la Polic\u00eda ten\u00eda impactos de bala y perdigones en el habit\u00e1culo.<\/li>\n<\/ul>\n<p>Un hombre de 33 a\u00f1os fue arrestado en un barrio sobre la ruta 88, al oeste de la ciudad balnearia.El veh\u00edculo que encontr\u00f3 la Polic\u00eda ten\u00eda impactos de bala y perdigones en el habit\u00e1culo.<\/p>","protected":false},"excerpt":{"rendered":"<p>Un hombre de 33 a\u00f1os fue arrestado en un barrio sobre la ruta 88, al oeste de la ciudad balnearia. El veh\u00edculo que encontr\u00f3 la Polic\u00eda ten\u00eda impactos de bala y perdigones en el habit\u00e1culo. Un hombre de 33 a\u00f1os fue arrestado en un barrio sobre la ruta 88, al oeste de la ciudad balnearia.El [&hellip;]<\/p>\n","protected":false},"author":1,"featured_media":146873,"comment_status":"open","ping_status":"open","sticky":false,"template":"","format":"standard","meta":{"footnotes":""},"categories":[12],"tags":[],"class_list":["post-146872","post","type-post","status-publish","format-standard","has-post-thumbnail","hentry","category-nacionales"],"_links":{"self":[{"href":"https:\/\/www.delibresparaelmundo.com.ar\/index.php\/wp-json\/wp\/v2\/posts\/146872","targetHints":{"allow":["GET"]}}],"collection":[{"href":"https:\/\/www.delibresparaelmundo.com.ar\/index.php\/wp-json\/wp\/v2\/posts"}],"about":[{"href":"https:\/\/www.delibresparaelmundo.com.ar\/index.php\/wp-json\/wp\/v2\/types\/post"}],"author":[{"embeddable":true,"href":"https:\/\/www.delibresparaelmundo.com.ar\/index.php\/wp-json\/wp\/v2\/users\/1"}],"replies":[{"embeddable":true,"href":"https:\/\/www.delibresparaelmundo.com.ar\/index.php\/wp-json\/wp\/v2\/comments?post=146872"}],"version-history":[{"count":0,"href":"https:\/\/www.delibresparaelmundo.com.ar\/index.php\/wp-json\/wp\/v2\/posts\/146872\/revisions"}],"wp:featuredmedia":[{"embeddable":true,"href":"https:\/\/www.delibresparaelmundo.com.ar\/index.php\/wp-json\/wp\/v2\/media\/146873"}],"wp:attachment":[{"href":"https:\/\/www.delibresparaelmundo.com.ar\/index.php\/wp-json\/wp\/v2\/media?parent=146872"}],"wp:term":[{"taxonomy":"category","embeddable":true,"href":"https:\/\/www.delibresparaelmundo.com.ar\/index.php\/wp-json\/wp\/v2\/categories?post=146872"},{"taxonomy":"post_tag","embeddable":true,"href":"https:\/\/www.delibresparaelmundo.com.ar\/index.php\/wp-json\/wp\/v2\/tags?post=146872"}],"curies":[{"name":"wp","href":"https:\/\/api.w.org\/{rel}","templated":true}]}}