{"id":146877,"date":"2026-09-02T15:45:37","date_gmt":"2026-09-02T18:45:37","guid":{"rendered":"https:\/\/www.delibresparaelmundo.com.ar\/index.php\/2026\/09\/02\/los-7-puntos-que-planteo-la-uia-para-asegurar-la-transicion-de-la-economia-y-recuperar-la-actividad\/"},"modified":"2026-09-02T15:45:37","modified_gmt":"2026-09-02T18:45:37","slug":"los-7-puntos-que-planteo-la-uia-para-asegurar-la-transicion-de-la-economia-y-recuperar-la-actividad","status":"publish","type":"post","link":"https:\/\/www.delibresparaelmundo.com.ar\/index.php\/2026\/09\/02\/los-7-puntos-que-planteo-la-uia-para-asegurar-la-transicion-de-la-economia-y-recuperar-la-actividad\/","title":{"rendered":"Los 7 puntos que plante\u00f3 la UIA para asegurar la transici\u00f3n de la econom\u00eda y recuperar la actividad"},"content":{"rendered":"<ul>\n<li>La Uni\u00f3n Industrial Argentina present\u00f3 una agenda que va desde mejorar el acceso al cr\u00e9dito a trabajar para bajar el costo argentino.<\/li>\n<li>El titular de la UIA advirti\u00f3 por la ca\u00edda de la producci\u00f3n y la p\u00e9rdida de 90.000 puestos de trabajo registrados desde agosto de 2023.<\/li>\n<\/ul>\n<p>La Uni\u00f3n Industrial Argentina present\u00f3 una agenda que va desde mejorar el acceso al cr\u00e9dito a trabajar para bajar el costo argentino.El titular de la UIA advirti\u00f3 por la ca\u00edda de la producci\u00f3n y la p\u00e9rdida de 90.000 puestos de trabajo registrados desde agosto de 2023.<\/p>","protected":false},"excerpt":{"rendered":"<p>La Uni\u00f3n Industrial Argentina present\u00f3 una agenda que va desde mejorar el acceso al cr\u00e9dito a trabajar para bajar el costo argentino. El titular de la UIA advirti\u00f3 por la ca\u00edda de la producci\u00f3n y la p\u00e9rdida de 90.000 puestos de trabajo registrados desde agosto de 2023. La Uni\u00f3n Industrial Argentina present\u00f3 una agenda que [&hellip;]<\/p>\n","protected":false},"author":1,"featured_media":0,"comment_status":"open","ping_status":"open","sticky":false,"template":"","format":"standard","meta":{"footnotes":""},"categories":[621],"tags":[],"class_list":["post-146877","post","type-post","status-publish","format-standard","has-post-thumbnail","hentry","category-economia"],"_links":{"self":[{"href":"https:\/\/www.delibresparaelmundo.com.ar\/index.php\/wp-json\/wp\/v2\/posts\/146877","targetHints":{"allow":["GET"]}}],"collection":[{"href":"https:\/\/www.delibresparaelmundo.com.ar\/index.php\/wp-json\/wp\/v2\/posts"}],"about":[{"href":"https:\/\/www.delibresparaelmundo.com.ar\/index.php\/wp-json\/wp\/v2\/types\/post"}],"author":[{"embeddable":true,"href":"https:\/\/www.delibresparaelmundo.com.ar\/index.php\/wp-json\/wp\/v2\/users\/1"}],"replies":[{"embeddable":true,"href":"https:\/\/www.delibresparaelmundo.com.ar\/index.php\/wp-json\/wp\/v2\/comments?post=146877"}],"version-history":[{"count":0,"href":"https:\/\/www.delibresparaelmundo.com.ar\/index.php\/wp-json\/wp\/v2\/posts\/146877\/revisions"}],"wp:attachment":[{"href":"https:\/\/www.delibresparaelmundo.com.ar\/index.php\/wp-json\/wp\/v2\/media?parent=146877"}],"wp:term":[{"taxonomy":"category","embeddable":true,"href":"https:\/\/www.delibresparaelmundo.com.ar\/index.php\/wp-json\/wp\/v2\/categories?post=146877"},{"taxonomy":"post_tag","embeddable":true,"href":"https:\/\/www.delibresparaelmundo.com.ar\/index.php\/wp-json\/wp\/v2\/tags?post=146877"}],"curies":[{"name":"wp","href":"https:\/\/api.w.org\/{rel}","templated":true}]}}