{"id":146885,"date":"2026-09-02T15:45:38","date_gmt":"2026-09-02T18:45:38","guid":{"rendered":"https:\/\/www.delibresparaelmundo.com.ar\/index.php\/2026\/09\/02\/los-aliados-se-endurecen-patricia-bullrich-no-tiene-las-firmas-y-se-dilata-el-debate-por-el-super-rigi\/"},"modified":"2026-09-02T15:45:38","modified_gmt":"2026-09-02T18:45:38","slug":"los-aliados-se-endurecen-patricia-bullrich-no-tiene-las-firmas-y-se-dilata-el-debate-por-el-super-rigi","status":"publish","type":"post","link":"https:\/\/www.delibresparaelmundo.com.ar\/index.php\/2026\/09\/02\/los-aliados-se-endurecen-patricia-bullrich-no-tiene-las-firmas-y-se-dilata-el-debate-por-el-super-rigi\/","title":{"rendered":"Los aliados se endurecen, Patricia Bullrich no tiene las firmas y se dilata el debate por el S\u00faper RIGI"},"content":{"rendered":"<ul>\n<li>Tres senadores dialoguistas presionan para aumentar el porcentaje de participaci\u00f3n nacional.<\/li>\n<li>Previamente, se frustr\u00f3 otra propuesta impulsada por Eduardo Vischi que iba atada a la iniciativa del Gobierno.<\/li>\n<li>La reuni\u00f3n pas\u00f3 a cuarto intermedio.<\/li>\n<\/ul>\n<p>Tres senadores dialoguistas presionan para aumentar el porcentaje de participaci\u00f3n nacional.Previamente, se frustr\u00f3 otra propuesta impulsada por Eduardo Vischi que iba atada a la iniciativa del Gobierno.La reuni\u00f3n pas\u00f3 a cuarto intermedio.<\/p>","protected":false},"excerpt":{"rendered":"<p>Tres senadores dialoguistas presionan para aumentar el porcentaje de participaci\u00f3n nacional. Previamente, se frustr\u00f3 otra propuesta impulsada por Eduardo Vischi que iba atada a la iniciativa del Gobierno. La reuni\u00f3n pas\u00f3 a cuarto intermedio. Tres senadores dialoguistas presionan para aumentar el porcentaje de participaci\u00f3n nacional.Previamente, se frustr\u00f3 otra propuesta impulsada por Eduardo Vischi que iba [&hellip;]<\/p>\n","protected":false},"author":1,"featured_media":146886,"comment_status":"open","ping_status":"open","sticky":false,"template":"","format":"standard","meta":{"footnotes":""},"categories":[12],"tags":[],"class_list":["post-146885","post","type-post","status-publish","format-standard","has-post-thumbnail","hentry","category-nacionales"],"_links":{"self":[{"href":"https:\/\/www.delibresparaelmundo.com.ar\/index.php\/wp-json\/wp\/v2\/posts\/146885","targetHints":{"allow":["GET"]}}],"collection":[{"href":"https:\/\/www.delibresparaelmundo.com.ar\/index.php\/wp-json\/wp\/v2\/posts"}],"about":[{"href":"https:\/\/www.delibresparaelmundo.com.ar\/index.php\/wp-json\/wp\/v2\/types\/post"}],"author":[{"embeddable":true,"href":"https:\/\/www.delibresparaelmundo.com.ar\/index.php\/wp-json\/wp\/v2\/users\/1"}],"replies":[{"embeddable":true,"href":"https:\/\/www.delibresparaelmundo.com.ar\/index.php\/wp-json\/wp\/v2\/comments?post=146885"}],"version-history":[{"count":0,"href":"https:\/\/www.delibresparaelmundo.com.ar\/index.php\/wp-json\/wp\/v2\/posts\/146885\/revisions"}],"wp:featuredmedia":[{"embeddable":true,"href":"https:\/\/www.delibresparaelmundo.com.ar\/index.php\/wp-json\/wp\/v2\/media\/146886"}],"wp:attachment":[{"href":"https:\/\/www.delibresparaelmundo.com.ar\/index.php\/wp-json\/wp\/v2\/media?parent=146885"}],"wp:term":[{"taxonomy":"category","embeddable":true,"href":"https:\/\/www.delibresparaelmundo.com.ar\/index.php\/wp-json\/wp\/v2\/categories?post=146885"},{"taxonomy":"post_tag","embeddable":true,"href":"https:\/\/www.delibresparaelmundo.com.ar\/index.php\/wp-json\/wp\/v2\/tags?post=146885"}],"curies":[{"name":"wp","href":"https:\/\/api.w.org\/{rel}","templated":true}]}}