{"id":146889,"date":"2026-09-02T15:45:38","date_gmt":"2026-09-02T18:45:38","guid":{"rendered":"https:\/\/www.delibresparaelmundo.com.ar\/index.php\/2026\/09\/02\/pity-alvarez-se-descompenso-en-medio-del-juicio-y-lo-trasladaron-a-un-hospital\/"},"modified":"2026-09-02T15:45:38","modified_gmt":"2026-09-02T18:45:38","slug":"pity-alvarez-se-descompenso-en-medio-del-juicio-y-lo-trasladaron-a-un-hospital","status":"publish","type":"post","link":"https:\/\/www.delibresparaelmundo.com.ar\/index.php\/2026\/09\/02\/pity-alvarez-se-descompenso-en-medio-del-juicio-y-lo-trasladaron-a-un-hospital\/","title":{"rendered":"Pity \u00c1lvarez se descompens\u00f3 en medio del juicio y lo trasladaron a un hospital"},"content":{"rendered":"<ul>\n<li>El m\u00fasico, que es juzgado por homicidio, pidi\u00f3 ir al ba\u00f1o y como no volv\u00eda fueron a buscarlo.<\/li>\n<li>\u00abLe faltaba el aire\u00bb, dijeron sus allegados, mientras lo acompa\u00f1aban a un patio interno para que tomara aire.<\/li>\n<\/ul>\n<p>El m\u00fasico, que es juzgado por homicidio, pidi\u00f3 ir al ba\u00f1o y como no volv\u00eda fueron a buscarlo.\u00bbLe faltaba el aire\u00bb, dijeron sus allegados, mientras lo acompa\u00f1aban a un patio interno para que tomara aire.<\/p>","protected":false},"excerpt":{"rendered":"<p>El m\u00fasico, que es juzgado por homicidio, pidi\u00f3 ir al ba\u00f1o y como no volv\u00eda fueron a buscarlo. \u00abLe faltaba el aire\u00bb, dijeron sus allegados, mientras lo acompa\u00f1aban a un patio interno para que tomara aire. El m\u00fasico, que es juzgado por homicidio, pidi\u00f3 ir al ba\u00f1o y como no volv\u00eda fueron a buscarlo.\u00bbLe faltaba [&hellip;]<\/p>\n","protected":false},"author":1,"featured_media":146890,"comment_status":"open","ping_status":"open","sticky":false,"template":"","format":"standard","meta":{"footnotes":""},"categories":[12],"tags":[],"class_list":["post-146889","post","type-post","status-publish","format-standard","has-post-thumbnail","hentry","category-nacionales"],"_links":{"self":[{"href":"https:\/\/www.delibresparaelmundo.com.ar\/index.php\/wp-json\/wp\/v2\/posts\/146889","targetHints":{"allow":["GET"]}}],"collection":[{"href":"https:\/\/www.delibresparaelmundo.com.ar\/index.php\/wp-json\/wp\/v2\/posts"}],"about":[{"href":"https:\/\/www.delibresparaelmundo.com.ar\/index.php\/wp-json\/wp\/v2\/types\/post"}],"author":[{"embeddable":true,"href":"https:\/\/www.delibresparaelmundo.com.ar\/index.php\/wp-json\/wp\/v2\/users\/1"}],"replies":[{"embeddable":true,"href":"https:\/\/www.delibresparaelmundo.com.ar\/index.php\/wp-json\/wp\/v2\/comments?post=146889"}],"version-history":[{"count":0,"href":"https:\/\/www.delibresparaelmundo.com.ar\/index.php\/wp-json\/wp\/v2\/posts\/146889\/revisions"}],"wp:featuredmedia":[{"embeddable":true,"href":"https:\/\/www.delibresparaelmundo.com.ar\/index.php\/wp-json\/wp\/v2\/media\/146890"}],"wp:attachment":[{"href":"https:\/\/www.delibresparaelmundo.com.ar\/index.php\/wp-json\/wp\/v2\/media?parent=146889"}],"wp:term":[{"taxonomy":"category","embeddable":true,"href":"https:\/\/www.delibresparaelmundo.com.ar\/index.php\/wp-json\/wp\/v2\/categories?post=146889"},{"taxonomy":"post_tag","embeddable":true,"href":"https:\/\/www.delibresparaelmundo.com.ar\/index.php\/wp-json\/wp\/v2\/tags?post=146889"}],"curies":[{"name":"wp","href":"https:\/\/api.w.org\/{rel}","templated":true}]}}