{"id":146897,"date":"2026-09-03T03:42:54","date_gmt":"2026-09-03T06:42:54","guid":{"rendered":"https:\/\/www.delibresparaelmundo.com.ar\/index.php\/2026\/09\/03\/un-militar-de-ultraderecha-se-convierte-en-el-mayor-problema-para-giorgia-meloni-en-italia\/"},"modified":"2026-09-03T03:42:54","modified_gmt":"2026-09-03T06:42:54","slug":"un-militar-de-ultraderecha-se-convierte-en-el-mayor-problema-para-giorgia-meloni-en-italia","status":"publish","type":"post","link":"https:\/\/www.delibresparaelmundo.com.ar\/index.php\/2026\/09\/03\/un-militar-de-ultraderecha-se-convierte-en-el-mayor-problema-para-giorgia-meloni-en-italia\/","title":{"rendered":"Un militar de ultraderecha se convierte en el mayor problema para Giorgia Meloni en Italia"},"content":{"rendered":"<ul>\n<li>El general retirado Roberto Vannacci crece en los sondeos y complica a la primera ministra y su coalici\u00f3n conservadora de cara a las elecciones de 2027. <\/li>\n<li>Reci\u00e9n llegado a la pol\u00edtica, atrajo a figuras de la derecha con grandes promesas de cambio en el pa\u00eds y golpe\u00f3 con fuerza a los partidos tradicionales.<\/li>\n<\/ul>\n<p>El general retirado Roberto Vannacci crece en los sondeos y complica a la primera ministra y su coalici\u00f3n conservadora de cara a las elecciones de 2027. Reci\u00e9n llegado a la pol\u00edtica, atrajo a figuras de la derecha con grandes promesas de cambio en el pa\u00eds y golpe\u00f3 con fuerza a los partidos tradicionales.<\/p>","protected":false},"excerpt":{"rendered":"<p>El general retirado Roberto Vannacci crece en los sondeos y complica a la primera ministra y su coalici\u00f3n conservadora de cara a las elecciones de 2027. Reci\u00e9n llegado a la pol\u00edtica, atrajo a figuras de la derecha con grandes promesas de cambio en el pa\u00eds y golpe\u00f3 con fuerza a los partidos tradicionales. El general [&hellip;]<\/p>\n","protected":false},"author":1,"featured_media":0,"comment_status":"open","ping_status":"open","sticky":false,"template":"","format":"standard","meta":{"footnotes":""},"categories":[623],"tags":[],"class_list":["post-146897","post","type-post","status-publish","format-standard","has-post-thumbnail","hentry","category-internacionales"],"_links":{"self":[{"href":"https:\/\/www.delibresparaelmundo.com.ar\/index.php\/wp-json\/wp\/v2\/posts\/146897","targetHints":{"allow":["GET"]}}],"collection":[{"href":"https:\/\/www.delibresparaelmundo.com.ar\/index.php\/wp-json\/wp\/v2\/posts"}],"about":[{"href":"https:\/\/www.delibresparaelmundo.com.ar\/index.php\/wp-json\/wp\/v2\/types\/post"}],"author":[{"embeddable":true,"href":"https:\/\/www.delibresparaelmundo.com.ar\/index.php\/wp-json\/wp\/v2\/users\/1"}],"replies":[{"embeddable":true,"href":"https:\/\/www.delibresparaelmundo.com.ar\/index.php\/wp-json\/wp\/v2\/comments?post=146897"}],"version-history":[{"count":0,"href":"https:\/\/www.delibresparaelmundo.com.ar\/index.php\/wp-json\/wp\/v2\/posts\/146897\/revisions"}],"wp:attachment":[{"href":"https:\/\/www.delibresparaelmundo.com.ar\/index.php\/wp-json\/wp\/v2\/media?parent=146897"}],"wp:term":[{"taxonomy":"category","embeddable":true,"href":"https:\/\/www.delibresparaelmundo.com.ar\/index.php\/wp-json\/wp\/v2\/categories?post=146897"},{"taxonomy":"post_tag","embeddable":true,"href":"https:\/\/www.delibresparaelmundo.com.ar\/index.php\/wp-json\/wp\/v2\/tags?post=146897"}],"curies":[{"name":"wp","href":"https:\/\/api.w.org\/{rel}","templated":true}]}}