{"id":146900,"date":"2026-09-03T03:42:54","date_gmt":"2026-09-03T06:42:54","guid":{"rendered":"https:\/\/www.delibresparaelmundo.com.ar\/index.php\/2026\/09\/03\/que-dice-el-informe-sobre-las-lesiones-de-victoria-cantero-la-joven-detenida-por-matar-a-su-novio-en-chaco\/"},"modified":"2026-09-03T03:42:54","modified_gmt":"2026-09-03T06:42:54","slug":"que-dice-el-informe-sobre-las-lesiones-de-victoria-cantero-la-joven-detenida-por-matar-a-su-novio-en-chaco","status":"publish","type":"post","link":"https:\/\/www.delibresparaelmundo.com.ar\/index.php\/2026\/09\/03\/que-dice-el-informe-sobre-las-lesiones-de-victoria-cantero-la-joven-detenida-por-matar-a-su-novio-en-chaco\/","title":{"rendered":"Qu\u00e9 dice el informe sobre las lesiones de Victoria Cantero, la joven detenida por matar a su novio en Chaco"},"content":{"rendered":"<ul>\n<li>Los peritos confirmaron que se detectaron moretones y excoriaciones, pero que no del \u00abtipo defensivas\u00bb.<\/li>\n<li>Las lecturas opuestas que hacen del estudio la defensa y el abogado de la familia de Juli\u00e1n \u00c1lvarez Guardia (29).<\/li>\n<li>Este mi\u00e9rcoles hubo una marcha en reclamo de justicia.<\/li>\n<\/ul>\n<p>Los peritos confirmaron que se detectaron moretones y excoriaciones, pero que no del \u00abtipo defensivas\u00bb.Las lecturas opuestas que hacen del estudio la defensa y el abogado de la familia de Juli\u00e1n \u00c1lvarez Guardia (29).Este mi\u00e9rcoles hubo una marcha en reclamo de justicia.<\/p>","protected":false},"excerpt":{"rendered":"<p>Los peritos confirmaron que se detectaron moretones y excoriaciones, pero que no del \u00abtipo defensivas\u00bb. Las lecturas opuestas que hacen del estudio la defensa y el abogado de la familia de Juli\u00e1n \u00c1lvarez Guardia (29). Este mi\u00e9rcoles hubo una marcha en reclamo de justicia. Los peritos confirmaron que se detectaron moretones y excoriaciones, pero que [&hellip;]<\/p>\n","protected":false},"author":1,"featured_media":146901,"comment_status":"open","ping_status":"open","sticky":false,"template":"","format":"standard","meta":{"footnotes":""},"categories":[12],"tags":[],"class_list":["post-146900","post","type-post","status-publish","format-standard","has-post-thumbnail","hentry","category-nacionales"],"_links":{"self":[{"href":"https:\/\/www.delibresparaelmundo.com.ar\/index.php\/wp-json\/wp\/v2\/posts\/146900","targetHints":{"allow":["GET"]}}],"collection":[{"href":"https:\/\/www.delibresparaelmundo.com.ar\/index.php\/wp-json\/wp\/v2\/posts"}],"about":[{"href":"https:\/\/www.delibresparaelmundo.com.ar\/index.php\/wp-json\/wp\/v2\/types\/post"}],"author":[{"embeddable":true,"href":"https:\/\/www.delibresparaelmundo.com.ar\/index.php\/wp-json\/wp\/v2\/users\/1"}],"replies":[{"embeddable":true,"href":"https:\/\/www.delibresparaelmundo.com.ar\/index.php\/wp-json\/wp\/v2\/comments?post=146900"}],"version-history":[{"count":0,"href":"https:\/\/www.delibresparaelmundo.com.ar\/index.php\/wp-json\/wp\/v2\/posts\/146900\/revisions"}],"wp:featuredmedia":[{"embeddable":true,"href":"https:\/\/www.delibresparaelmundo.com.ar\/index.php\/wp-json\/wp\/v2\/media\/146901"}],"wp:attachment":[{"href":"https:\/\/www.delibresparaelmundo.com.ar\/index.php\/wp-json\/wp\/v2\/media?parent=146900"}],"wp:term":[{"taxonomy":"category","embeddable":true,"href":"https:\/\/www.delibresparaelmundo.com.ar\/index.php\/wp-json\/wp\/v2\/categories?post=146900"},{"taxonomy":"post_tag","embeddable":true,"href":"https:\/\/www.delibresparaelmundo.com.ar\/index.php\/wp-json\/wp\/v2\/tags?post=146900"}],"curies":[{"name":"wp","href":"https:\/\/api.w.org\/{rel}","templated":true}]}}