{"id":146907,"date":"2026-09-03T15:42:23","date_gmt":"2026-09-03T18:42:23","guid":{"rendered":"https:\/\/www.delibresparaelmundo.com.ar\/index.php\/2026\/09\/03\/la-crisis-en-ceuta-desnuda-un-vinculo-incomodo-entre-espana-y-marruecos-y-suma-presion-a-pedro-sanchez\/"},"modified":"2026-09-03T15:42:23","modified_gmt":"2026-09-03T18:42:23","slug":"la-crisis-en-ceuta-desnuda-un-vinculo-incomodo-entre-espana-y-marruecos-y-suma-presion-a-pedro-sanchez","status":"publish","type":"post","link":"https:\/\/www.delibresparaelmundo.com.ar\/index.php\/2026\/09\/03\/la-crisis-en-ceuta-desnuda-un-vinculo-incomodo-entre-espana-y-marruecos-y-suma-presion-a-pedro-sanchez\/","title":{"rendered":"La crisis en Ceuta desnuda un v\u00ednculo inc\u00f3modo entre Espa\u00f1a y Marruecos y suma presi\u00f3n a Pedro S\u00e1nchez"},"content":{"rendered":"<ul>\n<li>Rabat est\u00e1 bajo la lupa por su supuesta responsabilidad en el cruce masivo y mort\u00edfero de migrantes el 30 de julio.<\/li>\n<li>El presidente del gobierno espa\u00f1ol busca hacer equilibrio en una relaci\u00f3n inestable y delicada con el pa\u00eds africano.<\/li>\n<\/ul>\n<p>Rabat est\u00e1 bajo la lupa por su supuesta responsabilidad en el cruce masivo y mort\u00edfero de migrantes el 30 de julio.El presidente del gobierno espa\u00f1ol busca hacer equilibrio en una relaci\u00f3n inestable y delicada con el pa\u00eds africano.<\/p>","protected":false},"excerpt":{"rendered":"<p>Rabat est\u00e1 bajo la lupa por su supuesta responsabilidad en el cruce masivo y mort\u00edfero de migrantes el 30 de julio. El presidente del gobierno espa\u00f1ol busca hacer equilibrio en una relaci\u00f3n inestable y delicada con el pa\u00eds africano. Rabat est\u00e1 bajo la lupa por su supuesta responsabilidad en el cruce masivo y mort\u00edfero de [&hellip;]<\/p>\n","protected":false},"author":1,"featured_media":0,"comment_status":"open","ping_status":"open","sticky":false,"template":"","format":"standard","meta":{"footnotes":""},"categories":[623],"tags":[],"class_list":["post-146907","post","type-post","status-publish","format-standard","has-post-thumbnail","hentry","category-internacionales"],"_links":{"self":[{"href":"https:\/\/www.delibresparaelmundo.com.ar\/index.php\/wp-json\/wp\/v2\/posts\/146907","targetHints":{"allow":["GET"]}}],"collection":[{"href":"https:\/\/www.delibresparaelmundo.com.ar\/index.php\/wp-json\/wp\/v2\/posts"}],"about":[{"href":"https:\/\/www.delibresparaelmundo.com.ar\/index.php\/wp-json\/wp\/v2\/types\/post"}],"author":[{"embeddable":true,"href":"https:\/\/www.delibresparaelmundo.com.ar\/index.php\/wp-json\/wp\/v2\/users\/1"}],"replies":[{"embeddable":true,"href":"https:\/\/www.delibresparaelmundo.com.ar\/index.php\/wp-json\/wp\/v2\/comments?post=146907"}],"version-history":[{"count":0,"href":"https:\/\/www.delibresparaelmundo.com.ar\/index.php\/wp-json\/wp\/v2\/posts\/146907\/revisions"}],"wp:attachment":[{"href":"https:\/\/www.delibresparaelmundo.com.ar\/index.php\/wp-json\/wp\/v2\/media?parent=146907"}],"wp:term":[{"taxonomy":"category","embeddable":true,"href":"https:\/\/www.delibresparaelmundo.com.ar\/index.php\/wp-json\/wp\/v2\/categories?post=146907"},{"taxonomy":"post_tag","embeddable":true,"href":"https:\/\/www.delibresparaelmundo.com.ar\/index.php\/wp-json\/wp\/v2\/tags?post=146907"}],"curies":[{"name":"wp","href":"https:\/\/api.w.org\/{rel}","templated":true}]}}