{"id":146909,"date":"2026-09-03T15:42:23","date_gmt":"2026-09-03T18:42:23","guid":{"rendered":"https:\/\/www.delibresparaelmundo.com.ar\/index.php\/2026\/09\/03\/la-justicia-revoco-el-bozal-legal-de-tapia-y-toviggino-a-periodistas-y-dirigentes-politicos\/"},"modified":"2026-09-03T15:42:23","modified_gmt":"2026-09-03T18:42:23","slug":"la-justicia-revoco-el-bozal-legal-de-tapia-y-toviggino-a-periodistas-y-dirigentes-politicos","status":"publish","type":"post","link":"https:\/\/www.delibresparaelmundo.com.ar\/index.php\/2026\/09\/03\/la-justicia-revoco-el-bozal-legal-de-tapia-y-toviggino-a-periodistas-y-dirigentes-politicos\/","title":{"rendered":"La Justicia revoc\u00f3 el \u00abbozal legal\u00bb de Tapia y Toviggino a periodistas y dirigentes pol\u00edticos"},"content":{"rendered":"<ul>\n<li>Les prohib\u00eda acercarse y tomar contacto con los dirigentes de la AFA. <\/li>\n<li>La C\u00e1mara Penal de San Isidro anul\u00f3 el fallo porque atenta contra la libertad de expresi\u00f3n <\/li>\n<\/ul>\n<p>Les prohib\u00eda acercarse y tomar contacto con los dirigentes de la AFA. La C\u00e1mara Penal de San Isidro anul\u00f3 el fallo porque atenta contra la libertad de expresi\u00f3n<\/p>","protected":false},"excerpt":{"rendered":"<p>Les prohib\u00eda acercarse y tomar contacto con los dirigentes de la AFA. La C\u00e1mara Penal de San Isidro anul\u00f3 el fallo porque atenta contra la libertad de expresi\u00f3n Les prohib\u00eda acercarse y tomar contacto con los dirigentes de la AFA. La C\u00e1mara Penal de San Isidro anul\u00f3 el fallo porque atenta contra la libertad de [&hellip;]<\/p>\n","protected":false},"author":1,"featured_media":146910,"comment_status":"open","ping_status":"open","sticky":false,"template":"","format":"standard","meta":{"footnotes":""},"categories":[12],"tags":[],"class_list":["post-146909","post","type-post","status-publish","format-standard","has-post-thumbnail","hentry","category-nacionales"],"_links":{"self":[{"href":"https:\/\/www.delibresparaelmundo.com.ar\/index.php\/wp-json\/wp\/v2\/posts\/146909","targetHints":{"allow":["GET"]}}],"collection":[{"href":"https:\/\/www.delibresparaelmundo.com.ar\/index.php\/wp-json\/wp\/v2\/posts"}],"about":[{"href":"https:\/\/www.delibresparaelmundo.com.ar\/index.php\/wp-json\/wp\/v2\/types\/post"}],"author":[{"embeddable":true,"href":"https:\/\/www.delibresparaelmundo.com.ar\/index.php\/wp-json\/wp\/v2\/users\/1"}],"replies":[{"embeddable":true,"href":"https:\/\/www.delibresparaelmundo.com.ar\/index.php\/wp-json\/wp\/v2\/comments?post=146909"}],"version-history":[{"count":0,"href":"https:\/\/www.delibresparaelmundo.com.ar\/index.php\/wp-json\/wp\/v2\/posts\/146909\/revisions"}],"wp:featuredmedia":[{"embeddable":true,"href":"https:\/\/www.delibresparaelmundo.com.ar\/index.php\/wp-json\/wp\/v2\/media\/146910"}],"wp:attachment":[{"href":"https:\/\/www.delibresparaelmundo.com.ar\/index.php\/wp-json\/wp\/v2\/media?parent=146909"}],"wp:term":[{"taxonomy":"category","embeddable":true,"href":"https:\/\/www.delibresparaelmundo.com.ar\/index.php\/wp-json\/wp\/v2\/categories?post=146909"},{"taxonomy":"post_tag","embeddable":true,"href":"https:\/\/www.delibresparaelmundo.com.ar\/index.php\/wp-json\/wp\/v2\/tags?post=146909"}],"curies":[{"name":"wp","href":"https:\/\/api.w.org\/{rel}","templated":true}]}}