{"id":146912,"date":"2026-09-03T15:42:23","date_gmt":"2026-09-03T18:42:23","guid":{"rendered":"https:\/\/www.delibresparaelmundo.com.ar\/index.php\/2026\/09\/03\/quien-es-el-argentino-detenido-por-masacrar-a-una-familia-en-mexico-la-idea-es-morir-joven-lo-mas-tarde-posible\/"},"modified":"2026-09-03T15:42:23","modified_gmt":"2026-09-03T18:42:23","slug":"quien-es-el-argentino-detenido-por-masacrar-a-una-familia-en-mexico-la-idea-es-morir-joven-lo-mas-tarde-posible","status":"publish","type":"post","link":"https:\/\/www.delibresparaelmundo.com.ar\/index.php\/2026\/09\/03\/quien-es-el-argentino-detenido-por-masacrar-a-una-familia-en-mexico-la-idea-es-morir-joven-lo-mas-tarde-posible\/","title":{"rendered":"Qui\u00e9n es el argentino detenido por masacrar a una familia en M\u00e9xico: \u00abLa idea es morir joven&#8230; lo m\u00e1s tarde posible\u00bb"},"content":{"rendered":"<ul>\n<li>El argentino Diego Sebasti\u00e1n Rosen (51) est\u00e1 detenido en M\u00e9xico como principal acusado de los homicidios del m\u00fasico Jonathan \u00abHonas\u00bb Mel\u00e9ndez Ochoa (38) y su familia, ocurridos la noche del martes.<\/li>\n<li>Nacionalizado mexicano, vino a la Argentina por \u00faltima vez en 2020. Su \u00fanico rastro visible aqu\u00ed es un domicilio fiscal.<\/li>\n<\/ul>\n<p>El argentino Diego Sebasti\u00e1n Rosen (51) est\u00e1 detenido en M\u00e9xico como principal acusado de los homicidios del m\u00fasico Jonathan \u00abHonas\u00bb Mel\u00e9ndez Ochoa (38) y su familia, ocurridos la noche del martes.Nacionalizado mexicano, vino a la Argentina por \u00faltima vez en 2020. Su \u00fanico rastro visible aqu\u00ed es un domicilio fiscal.<\/p>","protected":false},"excerpt":{"rendered":"<p>El argentino Diego Sebasti\u00e1n Rosen (51) est\u00e1 detenido en M\u00e9xico como principal acusado de los homicidios del m\u00fasico Jonathan \u00abHonas\u00bb Mel\u00e9ndez Ochoa (38) y su familia, ocurridos la noche del martes. Nacionalizado mexicano, vino a la Argentina por \u00faltima vez en 2020. Su \u00fanico rastro visible aqu\u00ed es un domicilio fiscal. El argentino Diego Sebasti\u00e1n [&hellip;]<\/p>\n","protected":false},"author":1,"featured_media":146913,"comment_status":"open","ping_status":"open","sticky":false,"template":"","format":"standard","meta":{"footnotes":""},"categories":[12],"tags":[],"class_list":["post-146912","post","type-post","status-publish","format-standard","has-post-thumbnail","hentry","category-nacionales"],"_links":{"self":[{"href":"https:\/\/www.delibresparaelmundo.com.ar\/index.php\/wp-json\/wp\/v2\/posts\/146912","targetHints":{"allow":["GET"]}}],"collection":[{"href":"https:\/\/www.delibresparaelmundo.com.ar\/index.php\/wp-json\/wp\/v2\/posts"}],"about":[{"href":"https:\/\/www.delibresparaelmundo.com.ar\/index.php\/wp-json\/wp\/v2\/types\/post"}],"author":[{"embeddable":true,"href":"https:\/\/www.delibresparaelmundo.com.ar\/index.php\/wp-json\/wp\/v2\/users\/1"}],"replies":[{"embeddable":true,"href":"https:\/\/www.delibresparaelmundo.com.ar\/index.php\/wp-json\/wp\/v2\/comments?post=146912"}],"version-history":[{"count":0,"href":"https:\/\/www.delibresparaelmundo.com.ar\/index.php\/wp-json\/wp\/v2\/posts\/146912\/revisions"}],"wp:featuredmedia":[{"embeddable":true,"href":"https:\/\/www.delibresparaelmundo.com.ar\/index.php\/wp-json\/wp\/v2\/media\/146913"}],"wp:attachment":[{"href":"https:\/\/www.delibresparaelmundo.com.ar\/index.php\/wp-json\/wp\/v2\/media?parent=146912"}],"wp:term":[{"taxonomy":"category","embeddable":true,"href":"https:\/\/www.delibresparaelmundo.com.ar\/index.php\/wp-json\/wp\/v2\/categories?post=146912"},{"taxonomy":"post_tag","embeddable":true,"href":"https:\/\/www.delibresparaelmundo.com.ar\/index.php\/wp-json\/wp\/v2\/tags?post=146912"}],"curies":[{"name":"wp","href":"https:\/\/api.w.org\/{rel}","templated":true}]}}