{"id":146917,"date":"2026-09-04T03:41:13","date_gmt":"2026-09-04T06:41:13","guid":{"rendered":"https:\/\/www.delibresparaelmundo.com.ar\/index.php\/2026\/09\/04\/ola-de-despidos-en-granja-tres-arroyos-en-dos-dias-desvinculo-a-1-000-trabajadores\/"},"modified":"2026-09-04T03:41:13","modified_gmt":"2026-09-04T06:41:13","slug":"ola-de-despidos-en-granja-tres-arroyos-en-dos-dias-desvinculo-a-1-000-trabajadores","status":"publish","type":"post","link":"https:\/\/www.delibresparaelmundo.com.ar\/index.php\/2026\/09\/04\/ola-de-despidos-en-granja-tres-arroyos-en-dos-dias-desvinculo-a-1-000-trabajadores\/","title":{"rendered":"Ola de despidos en Granja Tres Arroyos: en dos d\u00edas, desvincul\u00f3 a 1.000 trabajadores"},"content":{"rendered":"<ul>\n<li>La empresa envi\u00f3 telegramas a trabajadores de las plantas de Capit\u00e1n Sarmiento, Esteban Echeverr\u00eda y Pilar.<\/li>\n<li>Ma\u00f1ana habr\u00e1 una audiencia en el Ministerio de Trabajo bonaerense.<\/li>\n<\/ul>\n<p>La empresa envi\u00f3 telegramas a trabajadores de las plantas de Capit\u00e1n Sarmiento, Esteban Echeverr\u00eda y Pilar.Ma\u00f1ana habr\u00e1 una audiencia en el Ministerio de Trabajo bonaerense.<\/p>","protected":false},"excerpt":{"rendered":"<p>La empresa envi\u00f3 telegramas a trabajadores de las plantas de Capit\u00e1n Sarmiento, Esteban Echeverr\u00eda y Pilar. Ma\u00f1ana habr\u00e1 una audiencia en el Ministerio de Trabajo bonaerense. La empresa envi\u00f3 telegramas a trabajadores de las plantas de Capit\u00e1n Sarmiento, Esteban Echeverr\u00eda y Pilar.Ma\u00f1ana habr\u00e1 una audiencia en el Ministerio de Trabajo bonaerense.<\/p>\n","protected":false},"author":1,"featured_media":0,"comment_status":"open","ping_status":"open","sticky":false,"template":"","format":"standard","meta":{"footnotes":""},"categories":[621],"tags":[],"class_list":["post-146917","post","type-post","status-publish","format-standard","has-post-thumbnail","hentry","category-economia"],"_links":{"self":[{"href":"https:\/\/www.delibresparaelmundo.com.ar\/index.php\/wp-json\/wp\/v2\/posts\/146917","targetHints":{"allow":["GET"]}}],"collection":[{"href":"https:\/\/www.delibresparaelmundo.com.ar\/index.php\/wp-json\/wp\/v2\/posts"}],"about":[{"href":"https:\/\/www.delibresparaelmundo.com.ar\/index.php\/wp-json\/wp\/v2\/types\/post"}],"author":[{"embeddable":true,"href":"https:\/\/www.delibresparaelmundo.com.ar\/index.php\/wp-json\/wp\/v2\/users\/1"}],"replies":[{"embeddable":true,"href":"https:\/\/www.delibresparaelmundo.com.ar\/index.php\/wp-json\/wp\/v2\/comments?post=146917"}],"version-history":[{"count":0,"href":"https:\/\/www.delibresparaelmundo.com.ar\/index.php\/wp-json\/wp\/v2\/posts\/146917\/revisions"}],"wp:attachment":[{"href":"https:\/\/www.delibresparaelmundo.com.ar\/index.php\/wp-json\/wp\/v2\/media?parent=146917"}],"wp:term":[{"taxonomy":"category","embeddable":true,"href":"https:\/\/www.delibresparaelmundo.com.ar\/index.php\/wp-json\/wp\/v2\/categories?post=146917"},{"taxonomy":"post_tag","embeddable":true,"href":"https:\/\/www.delibresparaelmundo.com.ar\/index.php\/wp-json\/wp\/v2\/tags?post=146917"}],"curies":[{"name":"wp","href":"https:\/\/api.w.org\/{rel}","templated":true}]}}