{"id":146919,"date":"2026-09-04T03:41:13","date_gmt":"2026-09-04T06:41:13","guid":{"rendered":"https:\/\/www.delibresparaelmundo.com.ar\/index.php\/2026\/09\/04\/la-formula-1-en-argentina-el-sueno-que-ilusiona-a-colapinto-seria-algo-muy-emocionante-para-mi\/"},"modified":"2026-09-04T03:41:13","modified_gmt":"2026-09-04T06:41:13","slug":"la-formula-1-en-argentina-el-sueno-que-ilusiona-a-colapinto-seria-algo-muy-emocionante-para-mi","status":"publish","type":"post","link":"https:\/\/www.delibresparaelmundo.com.ar\/index.php\/2026\/09\/04\/la-formula-1-en-argentina-el-sueno-que-ilusiona-a-colapinto-seria-algo-muy-emocionante-para-mi\/","title":{"rendered":"La F\u00f3rmula 1 en Argentina, el sue\u00f1o que ilusiona a Colapinto: \u201cSer\u00eda algo muy emocionante para m\u00ed\u201d"},"content":{"rendered":"<ul>\n<li>Mohammed Ben Sulayem, presidente de la FIA, respald\u00f3 en Buenos Aires la candidatura, aunque advirti\u00f3 que 2027 ser\u00eda \u201cun poco temprano\u201d y habl\u00f3 de 2029\/2030. <\/li>\n<li>Desde Monza, el piloto de Alpine celebr\u00f3 el proyecto y cont\u00f3 su deseo de correr ante su p\u00fablico.<\/li>\n<\/ul>\n<p>Mohammed Ben Sulayem, presidente de la FIA, respald\u00f3 en Buenos Aires la candidatura, aunque advirti\u00f3 que 2027 ser\u00eda \u201cun poco temprano\u201d y habl\u00f3 de 2029\/2030. Desde Monza, el piloto de Alpine celebr\u00f3 el proyecto y cont\u00f3 su deseo de correr ante su p\u00fablico.<img decoding=\"async\" src=\"https:\/\/www.clarin.com\/img\/2026\/04\/26\/ovfoKXw86_1200x630__1.jpg\" title=\"La F\u00f3rmula 1 en Argentina, el sue\u00f1o que ilusiona a Colapinto: \u201cSer\u00eda algo muy emocionante para m\u00ed\u201d\" \/><a href=\"https:\/\/www.clarin.com\/deportes\/formula-1-argentina-sueno-ilusiona-colapinto-emocionante_0_f2DPi5me83.html\" target=\"_blank\" class=\"feedzy-rss-link-icon\">Leer m\u00e1s<\/a><\/p>","protected":false},"excerpt":{"rendered":"<p>Mohammed Ben Sulayem, presidente de la FIA, respald\u00f3 en Buenos Aires la candidatura, aunque advirti\u00f3 que 2027 ser\u00eda \u201cun poco temprano\u201d y habl\u00f3 de 2029\/2030. Desde Monza, el piloto de Alpine celebr\u00f3 el proyecto y cont\u00f3 su deseo de correr ante su p\u00fablico. Mohammed Ben Sulayem, presidente de la FIA, respald\u00f3 en Buenos Aires la [&hellip;]<\/p>\n","protected":false},"author":1,"featured_media":0,"comment_status":"open","ping_status":"open","sticky":false,"template":"","format":"standard","meta":{"footnotes":""},"categories":[5],"tags":[],"class_list":["post-146919","post","type-post","status-publish","format-standard","has-post-thumbnail","hentry","category-deportes"],"_links":{"self":[{"href":"https:\/\/www.delibresparaelmundo.com.ar\/index.php\/wp-json\/wp\/v2\/posts\/146919","targetHints":{"allow":["GET"]}}],"collection":[{"href":"https:\/\/www.delibresparaelmundo.com.ar\/index.php\/wp-json\/wp\/v2\/posts"}],"about":[{"href":"https:\/\/www.delibresparaelmundo.com.ar\/index.php\/wp-json\/wp\/v2\/types\/post"}],"author":[{"embeddable":true,"href":"https:\/\/www.delibresparaelmundo.com.ar\/index.php\/wp-json\/wp\/v2\/users\/1"}],"replies":[{"embeddable":true,"href":"https:\/\/www.delibresparaelmundo.com.ar\/index.php\/wp-json\/wp\/v2\/comments?post=146919"}],"version-history":[{"count":0,"href":"https:\/\/www.delibresparaelmundo.com.ar\/index.php\/wp-json\/wp\/v2\/posts\/146919\/revisions"}],"wp:attachment":[{"href":"https:\/\/www.delibresparaelmundo.com.ar\/index.php\/wp-json\/wp\/v2\/media?parent=146919"}],"wp:term":[{"taxonomy":"category","embeddable":true,"href":"https:\/\/www.delibresparaelmundo.com.ar\/index.php\/wp-json\/wp\/v2\/categories?post=146919"},{"taxonomy":"post_tag","embeddable":true,"href":"https:\/\/www.delibresparaelmundo.com.ar\/index.php\/wp-json\/wp\/v2\/tags?post=146919"}],"curies":[{"name":"wp","href":"https:\/\/api.w.org\/{rel}","templated":true}]}}