{"id":146923,"date":"2026-09-04T03:41:13","date_gmt":"2026-09-04T06:41:13","guid":{"rendered":"https:\/\/www.delibresparaelmundo.com.ar\/index.php\/2026\/09\/04\/el-gobierno-publico-el-decreto-de-milei-que-busca-endurecer-las-sanciones-a-las-empresas-que-exploten-petroleo-en-malvinas\/"},"modified":"2026-09-04T03:41:13","modified_gmt":"2026-09-04T06:41:13","slug":"el-gobierno-publico-el-decreto-de-milei-que-busca-endurecer-las-sanciones-a-las-empresas-que-exploten-petroleo-en-malvinas","status":"publish","type":"post","link":"https:\/\/www.delibresparaelmundo.com.ar\/index.php\/2026\/09\/04\/el-gobierno-publico-el-decreto-de-milei-que-busca-endurecer-las-sanciones-a-las-empresas-que-exploten-petroleo-en-malvinas\/","title":{"rendered":"El Gobierno public\u00f3 el decreto de Milei que busca endurecer las sanciones a las empresas que exploten petr\u00f3leo en Malvinas"},"content":{"rendered":"<ul>\n<li>La medida qued\u00f3 ratificada a trav\u00e9s del Decreto 868\/2026, que introduce modificaciones en la aplicaci\u00f3n de la Ley 26.659. <\/li>\n<li>La norma apunt\u00f3 a empresas vinculadas con actividades hidrocarbur\u00edferas en los espacios mar\u00edtimos bajo disputa con el Reino Unido, aunque no incluy\u00f3 a todos los anuncios realizados por el Presidente en cadena nacional.<\/li>\n<\/ul>\n<p>La medida qued\u00f3 ratificada a trav\u00e9s del Decreto 868\/2026, que introduce modificaciones en la aplicaci\u00f3n de la Ley 26.659. La norma apunt\u00f3 a empresas vinculadas con actividades hidrocarbur\u00edferas en los espacios mar\u00edtimos bajo disputa con el Reino Unido, aunque no incluy\u00f3 a todos los anuncios realizados por el Presidente en cadena nacional.<\/p>","protected":false},"excerpt":{"rendered":"<p>La medida qued\u00f3 ratificada a trav\u00e9s del Decreto 868\/2026, que introduce modificaciones en la aplicaci\u00f3n de la Ley 26.659. La norma apunt\u00f3 a empresas vinculadas con actividades hidrocarbur\u00edferas en los espacios mar\u00edtimos bajo disputa con el Reino Unido, aunque no incluy\u00f3 a todos los anuncios realizados por el Presidente en cadena nacional. La medida qued\u00f3 [&hellip;]<\/p>\n","protected":false},"author":1,"featured_media":146924,"comment_status":"open","ping_status":"open","sticky":false,"template":"","format":"standard","meta":{"footnotes":""},"categories":[12],"tags":[],"class_list":["post-146923","post","type-post","status-publish","format-standard","has-post-thumbnail","hentry","category-nacionales"],"_links":{"self":[{"href":"https:\/\/www.delibresparaelmundo.com.ar\/index.php\/wp-json\/wp\/v2\/posts\/146923","targetHints":{"allow":["GET"]}}],"collection":[{"href":"https:\/\/www.delibresparaelmundo.com.ar\/index.php\/wp-json\/wp\/v2\/posts"}],"about":[{"href":"https:\/\/www.delibresparaelmundo.com.ar\/index.php\/wp-json\/wp\/v2\/types\/post"}],"author":[{"embeddable":true,"href":"https:\/\/www.delibresparaelmundo.com.ar\/index.php\/wp-json\/wp\/v2\/users\/1"}],"replies":[{"embeddable":true,"href":"https:\/\/www.delibresparaelmundo.com.ar\/index.php\/wp-json\/wp\/v2\/comments?post=146923"}],"version-history":[{"count":0,"href":"https:\/\/www.delibresparaelmundo.com.ar\/index.php\/wp-json\/wp\/v2\/posts\/146923\/revisions"}],"wp:featuredmedia":[{"embeddable":true,"href":"https:\/\/www.delibresparaelmundo.com.ar\/index.php\/wp-json\/wp\/v2\/media\/146924"}],"wp:attachment":[{"href":"https:\/\/www.delibresparaelmundo.com.ar\/index.php\/wp-json\/wp\/v2\/media?parent=146923"}],"wp:term":[{"taxonomy":"category","embeddable":true,"href":"https:\/\/www.delibresparaelmundo.com.ar\/index.php\/wp-json\/wp\/v2\/categories?post=146923"},{"taxonomy":"post_tag","embeddable":true,"href":"https:\/\/www.delibresparaelmundo.com.ar\/index.php\/wp-json\/wp\/v2\/tags?post=146923"}],"curies":[{"name":"wp","href":"https:\/\/api.w.org\/{rel}","templated":true}]}}