{"id":146933,"date":"2026-09-04T15:43:25","date_gmt":"2026-09-04T18:43:25","guid":{"rendered":"https:\/\/www.delibresparaelmundo.com.ar\/index.php\/2026\/09\/04\/gp-de-italia-franco-colapinto-confirmo-las-mejorias-de-su-alpine-en-un-dia-de-furia-para-briatore-en-monza\/"},"modified":"2026-09-04T15:43:25","modified_gmt":"2026-09-04T18:43:25","slug":"gp-de-italia-franco-colapinto-confirmo-las-mejorias-de-su-alpine-en-un-dia-de-furia-para-briatore-en-monza","status":"publish","type":"post","link":"https:\/\/www.delibresparaelmundo.com.ar\/index.php\/2026\/09\/04\/gp-de-italia-franco-colapinto-confirmo-las-mejorias-de-su-alpine-en-un-dia-de-furia-para-briatore-en-monza\/","title":{"rendered":"GP de Italia: Franco Colapinto confirm\u00f3 las mejor\u00edas de su Alpine, en un d\u00eda de furia para Briatore en Monza"},"content":{"rendered":"<ul>\n<li>Tras ser noveno en la FP1, el argentino termin\u00f3 11\u00b0 en la FP2 y delante de Pierre Gasly.<\/li>\n<li>La escuder\u00eda recibi\u00f3 un golpe de la FIA: le sacaron el podio de M\u00f3naco y Briatore explot\u00f3.<\/li>\n<li>Dispar\u00f3 contra McLaren, con una dura acusaci\u00f3n que gener\u00f3 un esc\u00e1ndalo en la F\u00f6rmula 1.<\/li>\n<\/ul>\n<p>Tras ser noveno en la FP1, el argentino termin\u00f3 11\u00b0 en la FP2 y delante de Pierre Gasly.La escuder\u00eda recibi\u00f3 un golpe de la FIA: le sacaron el podio de M\u00f3naco y Briatore explot\u00f3.Dispar\u00f3 contra McLaren, con una dura acusaci\u00f3n que gener\u00f3 un esc\u00e1ndalo en la F\u00f6rmula 1.<img decoding=\"async\" src=\"https:\/\/www.clarin.com\/img\/2026\/09\/04\/jDclqbzyH_1200x630__1.jpg\" title=\"GP de Italia: Franco Colapinto confirm\u00f3 las mejor\u00edas de su Alpine, en un d\u00eda de furia para Briatore en Monza\" \/><a href=\"https:\/\/www.clarin.com\/deportes\/gp-italia-franco-colapinto-confirmo-mejorias-alpine-dia-furia-briatore-monza_0_f9N2DHlQ3d.html\" target=\"_blank\" class=\"feedzy-rss-link-icon\">Leer m\u00e1s<\/a><\/p>","protected":false},"excerpt":{"rendered":"<p>Tras ser noveno en la FP1, el argentino termin\u00f3 11\u00b0 en la FP2 y delante de Pierre Gasly. La escuder\u00eda recibi\u00f3 un golpe de la FIA: le sacaron el podio de M\u00f3naco y Briatore explot\u00f3. Dispar\u00f3 contra McLaren, con una dura acusaci\u00f3n que gener\u00f3 un esc\u00e1ndalo en la F\u00f6rmula 1. Tras ser noveno en la [&hellip;]<\/p>\n","protected":false},"author":1,"featured_media":0,"comment_status":"open","ping_status":"open","sticky":false,"template":"","format":"standard","meta":{"footnotes":""},"categories":[5],"tags":[],"class_list":["post-146933","post","type-post","status-publish","format-standard","has-post-thumbnail","hentry","category-deportes"],"_links":{"self":[{"href":"https:\/\/www.delibresparaelmundo.com.ar\/index.php\/wp-json\/wp\/v2\/posts\/146933","targetHints":{"allow":["GET"]}}],"collection":[{"href":"https:\/\/www.delibresparaelmundo.com.ar\/index.php\/wp-json\/wp\/v2\/posts"}],"about":[{"href":"https:\/\/www.delibresparaelmundo.com.ar\/index.php\/wp-json\/wp\/v2\/types\/post"}],"author":[{"embeddable":true,"href":"https:\/\/www.delibresparaelmundo.com.ar\/index.php\/wp-json\/wp\/v2\/users\/1"}],"replies":[{"embeddable":true,"href":"https:\/\/www.delibresparaelmundo.com.ar\/index.php\/wp-json\/wp\/v2\/comments?post=146933"}],"version-history":[{"count":0,"href":"https:\/\/www.delibresparaelmundo.com.ar\/index.php\/wp-json\/wp\/v2\/posts\/146933\/revisions"}],"wp:attachment":[{"href":"https:\/\/www.delibresparaelmundo.com.ar\/index.php\/wp-json\/wp\/v2\/media?parent=146933"}],"wp:term":[{"taxonomy":"category","embeddable":true,"href":"https:\/\/www.delibresparaelmundo.com.ar\/index.php\/wp-json\/wp\/v2\/categories?post=146933"},{"taxonomy":"post_tag","embeddable":true,"href":"https:\/\/www.delibresparaelmundo.com.ar\/index.php\/wp-json\/wp\/v2\/tags?post=146933"}],"curies":[{"name":"wp","href":"https:\/\/api.w.org\/{rel}","templated":true}]}}