{"id":146947,"date":"2026-09-04T15:43:27","date_gmt":"2026-09-04T18:43:27","guid":{"rendered":"https:\/\/www.delibresparaelmundo.com.ar\/index.php\/2026\/09\/04\/republica-folklore-el-primer-festival-de-musica-nativa-en-la-ciudad-de-buenos-airesya-tiene-su-grilla-dia-por-dia-cuando-tocan-el-chaqueno-palavecino-la-sole-y-cazzu-y-como-comprar-las-entradas\/"},"modified":"2026-09-04T15:43:27","modified_gmt":"2026-09-04T18:43:27","slug":"republica-folklore-el-primer-festival-de-musica-nativa-en-la-ciudad-de-buenos-airesya-tiene-su-grilla-dia-por-dia-cuando-tocan-el-chaqueno-palavecino-la-sole-y-cazzu-y-como-comprar-las-entradas","status":"publish","type":"post","link":"https:\/\/www.delibresparaelmundo.com.ar\/index.php\/2026\/09\/04\/republica-folklore-el-primer-festival-de-musica-nativa-en-la-ciudad-de-buenos-airesya-tiene-su-grilla-dia-por-dia-cuando-tocan-el-chaqueno-palavecino-la-sole-y-cazzu-y-como-comprar-las-entradas\/","title":{"rendered":"Rep\u00fablica Folklore, el primer festival de m\u00fasica nativa en la Ciudad de Buenos Aires,ya tiene su grilla d\u00eda por d\u00eda: cu\u00e1ndo tocan el Chaque\u00f1o Palavecino, La Sole y Cazzu y c\u00f3mo comprar las entradas"},"content":{"rendered":"<ul>\n<li>El evento se llevar\u00e1 a cabo el 21 y 22 de noviembre en el Parque de la Ciudad de Buenos Aires y busca traer la tradici\u00f3n del interior del pa\u00eds a la capital porte\u00f1a.<\/li>\n<li>Los m\u00e1s grandes del g\u00e9nero en dos d\u00edas, en tres escenarios.<\/li>\n<\/ul>\n<p>El evento se llevar\u00e1 a cabo el 21 y 22 de noviembre en el Parque de la Ciudad de Buenos Aires y busca traer la tradici\u00f3n del interior del pa\u00eds a la capital porte\u00f1a.Los m\u00e1s grandes del g\u00e9nero en dos d\u00edas, en tres escenarios.<\/p>","protected":false},"excerpt":{"rendered":"<p>El evento se llevar\u00e1 a cabo el 21 y 22 de noviembre en el Parque de la Ciudad de Buenos Aires y busca traer la tradici\u00f3n del interior del pa\u00eds a la capital porte\u00f1a. Los m\u00e1s grandes del g\u00e9nero en dos d\u00edas, en tres escenarios. El evento se llevar\u00e1 a cabo el 21 y 22 [&hellip;]<\/p>\n","protected":false},"author":1,"featured_media":0,"comment_status":"open","ping_status":"open","sticky":false,"template":"","format":"standard","meta":{"footnotes":""},"categories":[4],"tags":[],"class_list":["post-146947","post","type-post","status-publish","format-standard","has-post-thumbnail","hentry","category-espectaculo"],"_links":{"self":[{"href":"https:\/\/www.delibresparaelmundo.com.ar\/index.php\/wp-json\/wp\/v2\/posts\/146947","targetHints":{"allow":["GET"]}}],"collection":[{"href":"https:\/\/www.delibresparaelmundo.com.ar\/index.php\/wp-json\/wp\/v2\/posts"}],"about":[{"href":"https:\/\/www.delibresparaelmundo.com.ar\/index.php\/wp-json\/wp\/v2\/types\/post"}],"author":[{"embeddable":true,"href":"https:\/\/www.delibresparaelmundo.com.ar\/index.php\/wp-json\/wp\/v2\/users\/1"}],"replies":[{"embeddable":true,"href":"https:\/\/www.delibresparaelmundo.com.ar\/index.php\/wp-json\/wp\/v2\/comments?post=146947"}],"version-history":[{"count":0,"href":"https:\/\/www.delibresparaelmundo.com.ar\/index.php\/wp-json\/wp\/v2\/posts\/146947\/revisions"}],"wp:attachment":[{"href":"https:\/\/www.delibresparaelmundo.com.ar\/index.php\/wp-json\/wp\/v2\/media?parent=146947"}],"wp:term":[{"taxonomy":"category","embeddable":true,"href":"https:\/\/www.delibresparaelmundo.com.ar\/index.php\/wp-json\/wp\/v2\/categories?post=146947"},{"taxonomy":"post_tag","embeddable":true,"href":"https:\/\/www.delibresparaelmundo.com.ar\/index.php\/wp-json\/wp\/v2\/tags?post=146947"}],"curies":[{"name":"wp","href":"https:\/\/api.w.org\/{rel}","templated":true}]}}