{"id":146951,"date":"2026-09-05T03:41:16","date_gmt":"2026-09-05T06:41:16","guid":{"rendered":"https:\/\/www.delibresparaelmundo.com.ar\/index.php\/2026\/09\/05\/velez-analiza-reclamar-ante-la-afa-por-la-inclusion-de-seis-extranjeros-de-boca-en-la-copa-argentina-que-dice-el-reglamento\/"},"modified":"2026-09-05T03:41:16","modified_gmt":"2026-09-05T06:41:16","slug":"velez-analiza-reclamar-ante-la-afa-por-la-inclusion-de-seis-extranjeros-de-boca-en-la-copa-argentina-que-dice-el-reglamento","status":"publish","type":"post","link":"https:\/\/www.delibresparaelmundo.com.ar\/index.php\/2026\/09\/05\/velez-analiza-reclamar-ante-la-afa-por-la-inclusion-de-seis-extranjeros-de-boca-en-la-copa-argentina-que-dice-el-reglamento\/","title":{"rendered":"V\u00e9lez analiza reclamar ante la AFA por la inclusi\u00f3n de seis extranjeros de Boca en la Copa Argentina: qu\u00e9 dice el reglamento"},"content":{"rendered":"<ul>\n<li>El equipo de Liniers eval\u00faa presentar una protesta por la planilla del partido del mi\u00e9rcoles en C\u00f3rdoba.<\/li>\n<li>Boca anot\u00f3 seis futbolistas extranjeros, cuando la reglamentaci\u00f3n permite un m\u00e1ximo de cinco.<\/li>\n<li>Sin embargo, no habr\u00eda una sanci\u00f3n deportiva.<\/li>\n<\/ul>\n<p>El equipo de Liniers eval\u00faa presentar una protesta por la planilla del partido del mi\u00e9rcoles en C\u00f3rdoba.Boca anot\u00f3 seis futbolistas extranjeros, cuando la reglamentaci\u00f3n permite un m\u00e1ximo de cinco.Sin embargo, no habr\u00eda una sanci\u00f3n deportiva.<img decoding=\"async\" src=\"https:\/\/www.clarin.com\/img\/2026\/09\/02\/YQn01vSmL_1200x630__1.jpg\" title=\"V\u00e9lez analiza reclamar ante la AFA por la inclusi\u00f3n de seis extranjeros de Boca en la Copa Argentina: qu\u00e9 dice el reglamento\" \/><a href=\"https:\/\/www.clarin.com\/deportes\/velez-analiza-reclamar-afa-inclusion-extranjeros-boca-copa-argentina-dice-reglamento_0_JQtEutqn88.html\" target=\"_blank\" class=\"feedzy-rss-link-icon\">Leer m\u00e1s<\/a><\/p>","protected":false},"excerpt":{"rendered":"<p>El equipo de Liniers eval\u00faa presentar una protesta por la planilla del partido del mi\u00e9rcoles en C\u00f3rdoba. Boca anot\u00f3 seis futbolistas extranjeros, cuando la reglamentaci\u00f3n permite un m\u00e1ximo de cinco. Sin embargo, no habr\u00eda una sanci\u00f3n deportiva. El equipo de Liniers eval\u00faa presentar una protesta por la planilla del partido del mi\u00e9rcoles en C\u00f3rdoba.Boca anot\u00f3 [&hellip;]<\/p>\n","protected":false},"author":1,"featured_media":0,"comment_status":"open","ping_status":"open","sticky":false,"template":"","format":"standard","meta":{"footnotes":""},"categories":[5],"tags":[],"class_list":["post-146951","post","type-post","status-publish","format-standard","has-post-thumbnail","hentry","category-deportes"],"_links":{"self":[{"href":"https:\/\/www.delibresparaelmundo.com.ar\/index.php\/wp-json\/wp\/v2\/posts\/146951","targetHints":{"allow":["GET"]}}],"collection":[{"href":"https:\/\/www.delibresparaelmundo.com.ar\/index.php\/wp-json\/wp\/v2\/posts"}],"about":[{"href":"https:\/\/www.delibresparaelmundo.com.ar\/index.php\/wp-json\/wp\/v2\/types\/post"}],"author":[{"embeddable":true,"href":"https:\/\/www.delibresparaelmundo.com.ar\/index.php\/wp-json\/wp\/v2\/users\/1"}],"replies":[{"embeddable":true,"href":"https:\/\/www.delibresparaelmundo.com.ar\/index.php\/wp-json\/wp\/v2\/comments?post=146951"}],"version-history":[{"count":0,"href":"https:\/\/www.delibresparaelmundo.com.ar\/index.php\/wp-json\/wp\/v2\/posts\/146951\/revisions"}],"wp:attachment":[{"href":"https:\/\/www.delibresparaelmundo.com.ar\/index.php\/wp-json\/wp\/v2\/media?parent=146951"}],"wp:term":[{"taxonomy":"category","embeddable":true,"href":"https:\/\/www.delibresparaelmundo.com.ar\/index.php\/wp-json\/wp\/v2\/categories?post=146951"},{"taxonomy":"post_tag","embeddable":true,"href":"https:\/\/www.delibresparaelmundo.com.ar\/index.php\/wp-json\/wp\/v2\/tags?post=146951"}],"curies":[{"name":"wp","href":"https:\/\/api.w.org\/{rel}","templated":true}]}}